{"id":9898,"date":"2026-08-21T10:08:44","date_gmt":"2026-08-21T13:08:44","guid":{"rendered":"https:\/\/noticiarioregional.com.br\/?p=9898"},"modified":"2026-08-21T10:24:16","modified_gmt":"2026-08-21T13:24:16","slug":"mondai-abre-inscricoes-para-escolha-das-soberanas-da-19a-festa-da-fruta","status":"publish","type":"post","link":"https:\/\/noticiarioregional.com.br\/?p=9898","title":{"rendered":"Monda\u00ed abre inscri\u00e7\u00f5es para escolha das soberanas da 19\u00aa Festa da fruta"},"content":{"rendered":"\n<p class=\"wp-block-paragraph\"><em>Concurso eleger\u00e1 Rainha, Princesas e Miss Simpatia.<\/em> <em>Inscri\u00e7\u00f5es encerram no dia 10 de setembro<\/em><\/p>\n\n\n\n<p class=\"wp-block-paragraph\"><strong><u>Jocel\u00e2yne Bauer<\/u><\/strong><\/p>\n\n\n\n<figure class=\"wp-block-image size-large\"><img fetchpriority=\"high\" decoding=\"async\" width=\"728\" height=\"1024\" src=\"https:\/\/noticiarioregional.com.br\/wp-content\/uploads\/2026\/08\/Atuais-soberanas-de-Mondai-1-728x1024.jpg\" alt=\"\" class=\"wp-image-9921\" srcset=\"https:\/\/noticiarioregional.com.br\/wp-content\/uploads\/2026\/08\/Atuais-soberanas-de-Mondai-1-728x1024.jpg 728w, https:\/\/noticiarioregional.com.br\/wp-content\/uploads\/2026\/08\/Atuais-soberanas-de-Mondai-1-213x300.jpg 213w, https:\/\/noticiarioregional.com.br\/wp-content\/uploads\/2026\/08\/Atuais-soberanas-de-Mondai-1-149x210.jpg 149w, https:\/\/noticiarioregional.com.br\/wp-content\/uploads\/2026\/08\/Atuais-soberanas-de-Mondai-1-449x632.jpg 449w, https:\/\/noticiarioregional.com.br\/wp-content\/uploads\/2026\/08\/Atuais-soberanas-de-Mondai-1.jpg 751w\" sizes=\"(max-width: 728px) 100vw, 728px\" \/><\/figure>\n\n\n\n<p class=\"wp-block-paragraph\">O Baile de Escolha das novas Soberanas de Monda\u00ed est\u00e1 marcado para o dia 21 de novembro, no Pavilh\u00e3o Central da \u00c1rea de Lazer.<\/p>\n\n\n\n<p class=\"wp-block-paragraph\">De acordo com o regulamento, a Corte Oficial ser\u00e1 formada pela Rainha e pela Princesa, que ter\u00e3o a miss\u00e3o de representar a beleza, a simpatia, a cultura e a hospitalidade da mulher mondaiense. Al\u00e9m disso, as eleitas dever\u00e3o atuar diretamente na divulga\u00e7\u00e3o dos eventos oficiais e na promo\u00e7\u00e3o da 19\u00aa Festa da Fruta. A Miss Simpatia, por sua vez, ter\u00e1 t\u00edtulo pr\u00f3prio e exercer\u00e1 tamb\u00e9m a fun\u00e7\u00e3o de primeira substituta imediata das integrantes da Corte em situa\u00e7\u00f5es de vac\u00e2ncia, conforme as regras estabelecidas no regulamento.<\/p>\n\n\n\n<p class=\"wp-block-paragraph\">As jovens interessadas em participar do concurso poder\u00e3o realizar a inscri\u00e7\u00e3o gratuitamente at\u00e9 o dia 10 de setembro na Prefeitura. Para concorrer, as candidatas devem ter idade m\u00ednima de 16 anos e m\u00e1xima de 23 anos completos at\u00e9 a data do concurso, ser brasileiras ou naturalizadas e residir no munic\u00edpio de Monda\u00ed h\u00e1 pelo menos 12 meses, mediante comprova\u00e7\u00e3o. Tamb\u00e9m n\u00e3o poder\u00e3o participar jovens que j\u00e1 tenham sido eleitas Rainha em edi\u00e7\u00f5es anteriores da Festa da Fruta.<\/p>\n\n\n\n<p class=\"wp-block-paragraph\">Outro requisito importante \u00e9 a disponibilidade para participar da agenda oficial do concurso e, posteriormente, das atividades das Soberanas. &nbsp;A organiza\u00e7\u00e3o prev\u00ea ainda um limite de 12 candidatas para o Desfile Oficial. Caso o n\u00famero de inscritas ultrapasse esse limite, ser\u00e1 realizada uma etapa de pr\u00e9-sele\u00e7\u00e3o para definir as 12 finalistas.<\/p>\n\n\n\n<p class=\"wp-block-paragraph\">Al\u00e9m da representatividade, as tr\u00eas vencedoras receber\u00e3o premia\u00e7\u00e3o financeira, faixas, coroas e arranjos de flores. A premia\u00e7\u00e3o estabelecida no regulamento ser\u00e1 de R$ 3.000,00 para a Rainha; cada Princesa receber\u00e1 R$ 2.000,00 e a Miss Simpatia ser\u00e1 bonificada com R$ 1 mil.<\/p>\n","protected":false},"excerpt":{"rendered":"<p>Concurso eleger\u00e1 Rainha, Princesas e Miss Simpatia. Inscri\u00e7\u00f5es encerram no dia 10 de setembro Jocel\u00e2yne Bauer O Baile de Escolha das novas Soberanas de Monda\u00ed est\u00e1 marcado para o dia 21 de novembro, no Pavilh\u00e3o Central da \u00c1rea de Lazer. De acordo com o regulamento, a Corte Oficial ser\u00e1 formada pela Rainha e pela Princesa,<\/p>\n","protected":false},"author":1,"featured_media":9899,"comment_status":"open","ping_status":"open","sticky":false,"template":"","format":"standard","meta":{"footnotes":""},"categories":[41],"tags":[],"class_list":["post-9898","post","type-post","status-publish","format-standard","has-post-thumbnail","category-noticias"],"_links":{"self":[{"href":"https:\/\/noticiarioregional.com.br\/index.php?rest_route=\/wp\/v2\/posts\/9898","targetHints":{"allow":["GET"]}}],"collection":[{"href":"https:\/\/noticiarioregional.com.br\/index.php?rest_route=\/wp\/v2\/posts"}],"about":[{"href":"https:\/\/noticiarioregional.com.br\/index.php?rest_route=\/wp\/v2\/types\/post"}],"author":[{"embeddable":true,"href":"https:\/\/noticiarioregional.com.br\/index.php?rest_route=\/wp\/v2\/users\/1"}],"replies":[{"embeddable":true,"href":"https:\/\/noticiarioregional.com.br\/index.php?rest_route=%2Fwp%2Fv2%2Fcomments&post=9898"}],"version-history":[{"count":2,"href":"https:\/\/noticiarioregional.com.br\/index.php?rest_route=\/wp\/v2\/posts\/9898\/revisions"}],"predecessor-version":[{"id":9922,"href":"https:\/\/noticiarioregional.com.br\/index.php?rest_route=\/wp\/v2\/posts\/9898\/revisions\/9922"}],"wp:featuredmedia":[{"embeddable":true,"href":"https:\/\/noticiarioregional.com.br\/index.php?rest_route=\/wp\/v2\/media\/9899"}],"wp:attachment":[{"href":"https:\/\/noticiarioregional.com.br\/index.php?rest_route=%2Fwp%2Fv2%2Fmedia&parent=9898"}],"wp:term":[{"taxonomy":"category","embeddable":true,"href":"https:\/\/noticiarioregional.com.br\/index.php?rest_route=%2Fwp%2Fv2%2Fcategories&post=9898"},{"taxonomy":"post_tag","embeddable":true,"href":"https:\/\/noticiarioregional.com.br\/index.php?rest_route=%2Fwp%2Fv2%2Ftags&post=9898"}],"curies":[{"name":"wp","href":"https:\/\/api.w.org\/{rel}","templated":true}]}}