{"id":9941,"date":"2026-09-01T15:08:12","date_gmt":"2026-09-01T18:08:12","guid":{"rendered":"https:\/\/noticiarioregional.com.br\/?p=9941"},"modified":"2026-09-01T15:08:15","modified_gmt":"2026-09-01T18:08:15","slug":"cade-o-paciente","status":"publish","type":"post","link":"https:\/\/noticiarioregional.com.br\/?p=9941","title":{"rendered":"CAD\u00ca O PACIENTE!?"},"content":{"rendered":"\n<p class=\"wp-block-paragraph\"><strong>N\u00famero de pacientes que n\u00e3o compareceram a consultas especializadas passa de mil no primeiro semestre<\/strong><\/p>\n\n\n\n<p class=\"wp-block-paragraph\">A secretaria de Sa\u00fade divulgou recentemente um n\u00famero que chama aten\u00e7\u00e3o. Somente no m\u00eas de julho 237 pacientes agendaram, mas n\u00e3o compareceram a consultas com m\u00e9dicos, dentistas, enfermeiros, nutricionista, psic\u00f3logos ou fisioterapeutas. Quando se fala do primeiro semestre, o n\u00famero \u00e9 ainda maior: no total 1.011 pacientes faltaram ao atendimento agendado.<\/p>\n\n\n\n<p class=\"wp-block-paragraph\">Conforme a diretora dos ESFs, Andressa Tessaro, em todas as especialidades a demanda \u00e9 grande, com lista de espera de pessoas que aguardam atendimento. Por isso, pede que caso o paciente n\u00e3o possa comparecer, que comunique a secretaria com pelos menos 24 horas de anteced\u00eancia. A diretora ressalta que h\u00e1 os casos em que a pessoa tem um imprevisto de \u00faltima hora, em que a falta \u00e9 justificada, mas a grande maioria dos n\u00e3o comparecimentos as consultas agendadas poderia ter sido comunicado a tempo para que outro paciente fosse atendido.<\/p>\n\n\n\n<p class=\"wp-block-paragraph\">Falando dos 237 pacientes faltosos do m\u00eas de julho, 41 foram em consultas de dentista; 48 nos agendamentos com a equipe de enfermagem; 11 na \u00e1rea de fisioterapia; 17 faltantes com a nutricionista; 41 no atendimento com psic\u00f3logos, e o maior n\u00famero, 79 pessoas faltaram na consulta com os m\u00e9dicos das equipes. Andressa comenta que as quatro \u00e1reas tem uma demanda grande pelos atendimentos dos cl\u00ednicos gerais, e assim como nas outras especialidades, quando a pessoa n\u00e3o vem a consulta marcada, est\u00e1 tirando o lugar de um paciente que poderia ter sido atendido no momento.<\/p>\n\n\n\n<p class=\"wp-block-paragraph\">Al\u00e9m das faltas que a secretaria de Sa\u00fade registra no atendimento dos profissionais da equipe, Andressa lembra que em consultas agendadas com especialistas de outras cidades tamb\u00e9m \u00e9 comum o paciente faltar sem justificar. Os dados sobre o n\u00famero de faltantes est\u00e3o divulgados em um mural na entrada da unidade de sa\u00fade, no \u201cfalt\u00f4metro\u201d, para justamente chamar aten\u00e7\u00e3o dos usu\u00e1rios.<\/p>\n","protected":false},"excerpt":{"rendered":"<p>N\u00famero de pacientes que n\u00e3o compareceram a consultas especializadas passa de mil no primeiro semestre A secretaria de Sa\u00fade divulgou recentemente um n\u00famero que chama aten\u00e7\u00e3o. Somente no m\u00eas de julho 237 pacientes agendaram, mas n\u00e3o compareceram a consultas com m\u00e9dicos, dentistas, enfermeiros, nutricionista, psic\u00f3logos ou fisioterapeutas. Quando se fala do primeiro semestre, o n\u00famero<\/p>\n","protected":false},"author":1,"featured_media":9942,"comment_status":"open","ping_status":"open","sticky":false,"template":"","format":"standard","meta":{"footnotes":""},"categories":[41],"tags":[],"class_list":["post-9941","post","type-post","status-publish","format-standard","has-post-thumbnail","category-noticias"],"_links":{"self":[{"href":"https:\/\/noticiarioregional.com.br\/index.php?rest_route=\/wp\/v2\/posts\/9941","targetHints":{"allow":["GET"]}}],"collection":[{"href":"https:\/\/noticiarioregional.com.br\/index.php?rest_route=\/wp\/v2\/posts"}],"about":[{"href":"https:\/\/noticiarioregional.com.br\/index.php?rest_route=\/wp\/v2\/types\/post"}],"author":[{"embeddable":true,"href":"https:\/\/noticiarioregional.com.br\/index.php?rest_route=\/wp\/v2\/users\/1"}],"replies":[{"embeddable":true,"href":"https:\/\/noticiarioregional.com.br\/index.php?rest_route=%2Fwp%2Fv2%2Fcomments&post=9941"}],"version-history":[{"count":1,"href":"https:\/\/noticiarioregional.com.br\/index.php?rest_route=\/wp\/v2\/posts\/9941\/revisions"}],"predecessor-version":[{"id":9943,"href":"https:\/\/noticiarioregional.com.br\/index.php?rest_route=\/wp\/v2\/posts\/9941\/revisions\/9943"}],"wp:featuredmedia":[{"embeddable":true,"href":"https:\/\/noticiarioregional.com.br\/index.php?rest_route=\/wp\/v2\/media\/9942"}],"wp:attachment":[{"href":"https:\/\/noticiarioregional.com.br\/index.php?rest_route=%2Fwp%2Fv2%2Fmedia&parent=9941"}],"wp:term":[{"taxonomy":"category","embeddable":true,"href":"https:\/\/noticiarioregional.com.br\/index.php?rest_route=%2Fwp%2Fv2%2Fcategories&post=9941"},{"taxonomy":"post_tag","embeddable":true,"href":"https:\/\/noticiarioregional.com.br\/index.php?rest_route=%2Fwp%2Fv2%2Ftags&post=9941"}],"curies":[{"name":"wp","href":"https:\/\/api.w.org\/{rel}","templated":true}]}}