{"id":9944,"date":"2026-09-02T15:09:25","date_gmt":"2026-09-02T18:09:25","guid":{"rendered":"https:\/\/noticiarioregional.com.br\/?p=9944"},"modified":"2026-09-01T15:13:09","modified_gmt":"2026-09-01T18:13:09","slug":"jovem-agricultora-relata-experiencias-de-intercambios-na-suica-e-na-australia","status":"publish","type":"post","link":"https:\/\/noticiarioregional.com.br\/?p=9944","title":{"rendered":"Jovem agricultora relata experi\u00eancias de interc\u00e2mbios na Su\u00ed\u00e7a e na Austr\u00e1lia"},"content":{"rendered":"\n<p class=\"wp-block-paragraph\"><em>Nos pa\u00edses da Europa e da Oceania, al\u00e9m de trabalhar, Marlise aprendeu novos idiomas e conheceu lugares tur\u00edsticos<\/em><\/p>\n\n\n\n<p class=\"wp-block-paragraph\">A viv\u00eancia no exterior, por meio de interc\u00e2mbios, \u00e9 um desejo de muitas pessoas que buscam agregar as suas experi\u00eancias profissionais ou de estudo. A Marlise Biesdorf, de 23 anos, filha da Marilei e do Mateus, da Linha Quilombo, teve essa oportunidade em 2023 e 2025, quando realizou interc\u00e2mbios na Su\u00ed\u00e7a, Europa, e na Austr\u00e1lia, na Oceania.<\/p>\n\n\n\n<p class=\"wp-block-paragraph\">Na Su\u00ed\u00e7a, Marlise permaneceu de abril de 2023 at\u00e9 outubro de 2024. Na \u00e9poca com 19 anos, buscou o encaminhamento do interc\u00e2mbio inicialmente com a declara\u00e7\u00e3o de atividade rural emitida pelo Sindicato dos Agricultores, atestando que \u00e9 filha de agricultores e que trabalha na atividade. As etapas seguintes foram encaminhadas com um profissional, tamb\u00e9m de Itapiranga, que atua nessa \u00e1rea de interc\u00e2mbios e faz a intermedia\u00e7\u00e3o com o sindicato da Su\u00ed\u00e7a, o Agrimpuls.<\/p>\n\n\n\n<p class=\"wp-block-paragraph\">Durante 18 meses, Marlise trabalhou em umapropriedade no interior da cidadezinha de Ruswil, Cant\u00e3o de Lucerna, na Su\u00ed\u00e7a. Nesse local, ficou hospedada na casa da fam\u00edlia de Annina e Marcel Wigger-Blum. Tanto a hospedagem como a alimenta\u00e7\u00e3o foram custeadas por Marlise, com o sal\u00e1rio que recebia. Nas atividades que exercia, estava o manejo com vacas de leite das ra\u00e7as Parda Su\u00ed\u00e7a e Jersey. A estrutura moderna contempla rob\u00f4s para a ordenha, para limpeza do esterco nos corredores do Free Stall, e ainda, um rob\u00f4 que auxilia no trato dos animais. Como o leite \u00e9 destinado para fabrica\u00e7\u00e3o de queijo, chamado de <em>Emmental<\/em>, a dieta dos animais \u00e9 a base de feno e pasto, sem nenhum alimento fermentado, como silagem e pr\u00e9-secado.<\/p>\n\n\n\n<p class=\"wp-block-paragraph\">Na propriedade tamb\u00e9m havia o ciclo completo de su\u00ednos, com exce\u00e7\u00e3o da insemina\u00e7\u00e3o das porcas, o que era feito em outra propriedade. A fam\u00edlia tamb\u00e9m aluga um avi\u00e1rio para incrementar a renda, al\u00e9m do cultivo de v\u00e1rias frutas, como ma\u00e7\u00e3, pera, ameixa e cereja, para consumo pr\u00f3prio e fabrica\u00e7\u00e3o de cacha\u00e7a.<\/p>\n\n\n\n<p class=\"wp-block-paragraph\">No retorno da Su\u00ed\u00e7a, Marlise permaneceu por cerca de oito meses em casa com a fam\u00edlia, e na metade de 2025 iniciou uma nova experi\u00eancia na Austr\u00e1lia, na cidade de Brisbane, onde permaneceu at\u00e9 janeiro de 2026. Na Austr\u00e1lia possu\u00eda visto de estudante, encaminhamento que realizou diretamente com ag\u00eancia de interc\u00e2mbio. Nesse pa\u00eds trabalhava 24 horas semanais por seis meses, e nesse per\u00edodo tinha direito a um m\u00eas de f\u00e9rias. Os trabalhos que realizava eram a limpeza de uma escola e de um restaurante, e de forma intercalada trabalhava tamb\u00e9m em um bar.<\/p>\n\n\n\n<p class=\"wp-block-paragraph\">O interc\u00e2mbio na Su\u00ed\u00e7a foi realizado tamb\u00e9m com a finalidade de melhorar o idioma alem\u00e3o que Marlise j\u00e1 falava. Bem como, o objetivo era aprender um novo idioma. Para isso, na Austr\u00e1lia frequentava uma escola de ingl\u00eas, idioma oficial deste pa\u00eds, o que era uma condicionalidade para manter o visto. Devido as despesas com o interc\u00e2mbio na Austr\u00e1lia serem maiores, Marlise usou boa parte das economias que obteve com os trabalhos na Su\u00ed\u00e7a para custear gastos com exames para a viagem, passagem, hospedagem, alimenta\u00e7\u00e3o, entre outros.<\/p>\n\n\n\n<p class=\"wp-block-paragraph\"><strong>Aprendizados e a decis\u00e3o de voltar<\/strong><\/p>\n\n\n\n<p class=\"wp-block-paragraph\">Para Marlise, os interc\u00e2mbios lhe possibilitaram in\u00fameros conhecimentos e aprendizados, pois teve oportunidade de conhecer realidades diferentes, se relacionar com culturas e pessoas diferentes, al\u00e9m do desafio que viajar sozinha para o exterior representa no que diz respeito ao amadurecimento, a independ\u00eancia e sair da zona de conforto ao qual est\u00e1 acostumada. Enaltece ainda os v\u00ednculos que criou com a fam\u00edlia onde permaneceu na Su\u00ed\u00e7a, que lhe acolheu e apoiou no per\u00edodo em que l\u00e1 esteve.<\/p>\n\n\n\n<p class=\"wp-block-paragraph\">Com os aprendizados que teve, principalmente atuando na agricultura da Su\u00ed\u00e7a, Marlise tamb\u00e9m agregou seus conhecimentos na propriedade da sua fam\u00edlia, e aos poucos e dentro do que \u00e9 poss\u00edvel, busca aplicar aqui o que aprendeu. Inclusive, o retorno da Austr\u00e1lia se deve pelo fato de auxiliar os pais na propriedade, considerando a demanda de trabalho e tamb\u00e9m devido a problemas de sa\u00fade de familiar. De momento, o objetivo de Marlise \u00e9 permanecer trabalhando junto com a fam\u00edlia, na atividade leiteira, tamb\u00e9m estar junto aos seus av\u00f3s, mas mant\u00e9m o desejo de viajar, buscar novas experi\u00eancias e sempre aprimorar seus conhecimentos.<\/p>\n\n\n\n<p class=\"wp-block-paragraph\">Em sua p\u00e1gina do Instagram, Marlise compartilha muitos registros das viagens a Su\u00ed\u00e7a e Austr\u00e1lia, onde al\u00e9m de trabalhar, aproveitava os momentos de folga para conhecer novos lugares. Tamb\u00e9m fica a disposi\u00e7\u00e3o para esclarecer d\u00favidas e auxiliar a quem, assim como ela, tem o interesse por interc\u00e2mbios no exterior.<\/p>\n\n\n\n<figure class=\"wp-block-image size-large\"><img fetchpriority=\"high\" decoding=\"async\" width=\"1024\" height=\"768\" src=\"https:\/\/noticiarioregional.com.br\/wp-content\/uploads\/2026\/09\/Familia-e-pessoas-proximas-na-festa-de-despedida-na-Suica-1-1024x768.jpg\" alt=\"\" class=\"wp-image-9946\" srcset=\"https:\/\/noticiarioregional.com.br\/wp-content\/uploads\/2026\/09\/Familia-e-pessoas-proximas-na-festa-de-despedida-na-Suica-1-1024x768.jpg 1024w, https:\/\/noticiarioregional.com.br\/wp-content\/uploads\/2026\/09\/Familia-e-pessoas-proximas-na-festa-de-despedida-na-Suica-1-300x225.jpg 300w, https:\/\/noticiarioregional.com.br\/wp-content\/uploads\/2026\/09\/Familia-e-pessoas-proximas-na-festa-de-despedida-na-Suica-1-1536x1152.jpg 1536w, https:\/\/noticiarioregional.com.br\/wp-content\/uploads\/2026\/09\/Familia-e-pessoas-proximas-na-festa-de-despedida-na-Suica-1-149x112.jpg 149w, https:\/\/noticiarioregional.com.br\/wp-content\/uploads\/2026\/09\/Familia-e-pessoas-proximas-na-festa-de-despedida-na-Suica-1-449x337.jpg 449w, https:\/\/noticiarioregional.com.br\/wp-content\/uploads\/2026\/09\/Familia-e-pessoas-proximas-na-festa-de-despedida-na-Suica-1-1200x900.jpg 1200w, https:\/\/noticiarioregional.com.br\/wp-content\/uploads\/2026\/09\/Familia-e-pessoas-proximas-na-festa-de-despedida-na-Suica-1.jpg 1600w\" sizes=\"(max-width: 1024px) 100vw, 1024px\" \/><figcaption class=\"wp-element-caption\">Fam\u00edlia e pessoas pr\u00f3ximas na festa de despedida na Su\u00ed\u00e7a<\/figcaption><\/figure>\n\n\n\n<figure class=\"wp-block-image size-large\"><img decoding=\"async\" width=\"768\" height=\"1024\" src=\"https:\/\/noticiarioregional.com.br\/wp-content\/uploads\/2026\/09\/Nas-horas-de-folga-tambem-aproveitava-para-fazer-trilhas-768x1024.jpg\" alt=\"\" class=\"wp-image-9947\" srcset=\"https:\/\/noticiarioregional.com.br\/wp-content\/uploads\/2026\/09\/Nas-horas-de-folga-tambem-aproveitava-para-fazer-trilhas-768x1024.jpg 768w, https:\/\/noticiarioregional.com.br\/wp-content\/uploads\/2026\/09\/Nas-horas-de-folga-tambem-aproveitava-para-fazer-trilhas-225x300.jpg 225w, https:\/\/noticiarioregional.com.br\/wp-content\/uploads\/2026\/09\/Nas-horas-de-folga-tambem-aproveitava-para-fazer-trilhas-150x200.jpg 150w, https:\/\/noticiarioregional.com.br\/wp-content\/uploads\/2026\/09\/Nas-horas-de-folga-tambem-aproveitava-para-fazer-trilhas-450x600.jpg 450w, https:\/\/noticiarioregional.com.br\/wp-content\/uploads\/2026\/09\/Nas-horas-de-folga-tambem-aproveitava-para-fazer-trilhas-1152x1536.jpg 1152w, https:\/\/noticiarioregional.com.br\/wp-content\/uploads\/2026\/09\/Nas-horas-de-folga-tambem-aproveitava-para-fazer-trilhas.jpg 1200w\" sizes=\"(max-width: 768px) 100vw, 768px\" \/><figcaption class=\"wp-element-caption\">Nas horas de folga tamb\u00e9m aproveitava para fazer trilhas<\/figcaption><\/figure>\n\n\n\n<figure class=\"wp-block-image size-large\"><img decoding=\"async\" width=\"769\" height=\"1024\" src=\"https:\/\/noticiarioregional.com.br\/wp-content\/uploads\/2026\/09\/Tambem-na-Suica-teve-a-oportunidade-de-conhecer-a-neve-769x1024.jpg\" alt=\"\" class=\"wp-image-9948\" srcset=\"https:\/\/noticiarioregional.com.br\/wp-content\/uploads\/2026\/09\/Tambem-na-Suica-teve-a-oportunidade-de-conhecer-a-neve-769x1024.jpg 769w, https:\/\/noticiarioregional.com.br\/wp-content\/uploads\/2026\/09\/Tambem-na-Suica-teve-a-oportunidade-de-conhecer-a-neve-225x300.jpg 225w, https:\/\/noticiarioregional.com.br\/wp-content\/uploads\/2026\/09\/Tambem-na-Suica-teve-a-oportunidade-de-conhecer-a-neve-149x199.jpg 149w, https:\/\/noticiarioregional.com.br\/wp-content\/uploads\/2026\/09\/Tambem-na-Suica-teve-a-oportunidade-de-conhecer-a-neve-450x599.jpg 450w, https:\/\/noticiarioregional.com.br\/wp-content\/uploads\/2026\/09\/Tambem-na-Suica-teve-a-oportunidade-de-conhecer-a-neve-1153x1536.jpg 1153w, https:\/\/noticiarioregional.com.br\/wp-content\/uploads\/2026\/09\/Tambem-na-Suica-teve-a-oportunidade-de-conhecer-a-neve.jpg 1201w\" sizes=\"(max-width: 769px) 100vw, 769px\" \/><figcaption class=\"wp-element-caption\">Tamb\u00e9m na Su\u00ed\u00e7a teve a oportunidade de conhecer a neve<\/figcaption><\/figure>\n\n\n\n<figure class=\"wp-block-image size-large\"><img loading=\"lazy\" decoding=\"async\" width=\"1024\" height=\"768\" src=\"https:\/\/noticiarioregional.com.br\/wp-content\/uploads\/2026\/09\/leite-1024x768.jpg\" alt=\"\" class=\"wp-image-9949\" srcset=\"https:\/\/noticiarioregional.com.br\/wp-content\/uploads\/2026\/09\/leite-1024x768.jpg 1024w, https:\/\/noticiarioregional.com.br\/wp-content\/uploads\/2026\/09\/leite-300x225.jpg 300w, https:\/\/noticiarioregional.com.br\/wp-content\/uploads\/2026\/09\/leite-149x112.jpg 149w, https:\/\/noticiarioregional.com.br\/wp-content\/uploads\/2026\/09\/leite-449x337.jpg 449w, https:\/\/noticiarioregional.com.br\/wp-content\/uploads\/2026\/09\/leite-1536x1152.jpg 1536w, https:\/\/noticiarioregional.com.br\/wp-content\/uploads\/2026\/09\/leite-1200x900.jpg 1200w, https:\/\/noticiarioregional.com.br\/wp-content\/uploads\/2026\/09\/leite.jpg 1600w\" sizes=\"(max-width: 1024px) 100vw, 1024px\" \/><\/figure>\n\n\n\n<figure class=\"wp-block-image size-large\"><img loading=\"lazy\" decoding=\"async\" width=\"768\" height=\"1024\" src=\"https:\/\/noticiarioregional.com.br\/wp-content\/uploads\/2026\/09\/porco-768x1024.jpg\" alt=\"\" class=\"wp-image-9950\" srcset=\"https:\/\/noticiarioregional.com.br\/wp-content\/uploads\/2026\/09\/porco-768x1024.jpg 768w, https:\/\/noticiarioregional.com.br\/wp-content\/uploads\/2026\/09\/porco-225x300.jpg 225w, https:\/\/noticiarioregional.com.br\/wp-content\/uploads\/2026\/09\/porco-150x200.jpg 150w, https:\/\/noticiarioregional.com.br\/wp-content\/uploads\/2026\/09\/porco-1152x1536.jpg 1152w, https:\/\/noticiarioregional.com.br\/wp-content\/uploads\/2026\/09\/porco-450x600.jpg 450w, https:\/\/noticiarioregional.com.br\/wp-content\/uploads\/2026\/09\/porco.jpg 1200w\" sizes=\"(max-width: 768px) 100vw, 768px\" \/><\/figure>\n","protected":false},"excerpt":{"rendered":"<p>Nos pa\u00edses da Europa e da Oceania, al\u00e9m de trabalhar, Marlise aprendeu novos idiomas e conheceu lugares tur\u00edsticos A viv\u00eancia no exterior, por meio de interc\u00e2mbios, \u00e9 um desejo de muitas pessoas que buscam agregar as suas experi\u00eancias profissionais ou de estudo. A Marlise Biesdorf, de 23 anos, filha da Marilei e do Mateus, da<\/p>\n","protected":false},"author":1,"featured_media":9951,"comment_status":"open","ping_status":"open","sticky":false,"template":"","format":"standard","meta":{"footnotes":""},"categories":[41],"tags":[],"class_list":["post-9944","post","type-post","status-publish","format-standard","has-post-thumbnail","category-noticias"],"_links":{"self":[{"href":"https:\/\/noticiarioregional.com.br\/index.php?rest_route=\/wp\/v2\/posts\/9944","targetHints":{"allow":["GET"]}}],"collection":[{"href":"https:\/\/noticiarioregional.com.br\/index.php?rest_route=\/wp\/v2\/posts"}],"about":[{"href":"https:\/\/noticiarioregional.com.br\/index.php?rest_route=\/wp\/v2\/types\/post"}],"author":[{"embeddable":true,"href":"https:\/\/noticiarioregional.com.br\/index.php?rest_route=\/wp\/v2\/users\/1"}],"replies":[{"embeddable":true,"href":"https:\/\/noticiarioregional.com.br\/index.php?rest_route=%2Fwp%2Fv2%2Fcomments&post=9944"}],"version-history":[{"count":1,"href":"https:\/\/noticiarioregional.com.br\/index.php?rest_route=\/wp\/v2\/posts\/9944\/revisions"}],"predecessor-version":[{"id":9952,"href":"https:\/\/noticiarioregional.com.br\/index.php?rest_route=\/wp\/v2\/posts\/9944\/revisions\/9952"}],"wp:featuredmedia":[{"embeddable":true,"href":"https:\/\/noticiarioregional.com.br\/index.php?rest_route=\/wp\/v2\/media\/9951"}],"wp:attachment":[{"href":"https:\/\/noticiarioregional.com.br\/index.php?rest_route=%2Fwp%2Fv2%2Fmedia&parent=9944"}],"wp:term":[{"taxonomy":"category","embeddable":true,"href":"https:\/\/noticiarioregional.com.br\/index.php?rest_route=%2Fwp%2Fv2%2Fcategories&post=9944"},{"taxonomy":"post_tag","embeddable":true,"href":"https:\/\/noticiarioregional.com.br\/index.php?rest_route=%2Fwp%2Fv2%2Ftags&post=9944"}],"curies":[{"name":"wp","href":"https:\/\/api.w.org\/{rel}","templated":true}]}}