{"id":9953,"date":"2026-09-03T15:14:02","date_gmt":"2026-09-03T18:14:02","guid":{"rendered":"https:\/\/noticiarioregional.com.br\/?p=9953"},"modified":"2026-09-01T15:17:36","modified_gmt":"2026-09-01T18:17:36","slug":"dejeto-animal-de-vilao-para-aliado","status":"publish","type":"post","link":"https:\/\/noticiarioregional.com.br\/?p=9953","title":{"rendered":"Dejeto animal: de vil\u00e3o para aliado"},"content":{"rendered":"\n<p class=\"wp-block-paragraph\"><strong>Encontro enfatiza import\u00e2ncia dos dejetos animais e pr\u00e1ticas para melhorar a qualidade e o manejo do material<\/strong><\/p>\n\n\n\n<p class=\"wp-block-paragraph\">Com o objetivo de discutir a qualidade e uso dos dejetos animais, a Epagri, em parceria com a Embrapa e a secretaria de Agricultura de S\u00e3o Jo\u00e3o do Oeste, promoveu no dia 18 de agosto uma capacita\u00e7\u00e3o sobre o tema. Pela parte da manh\u00e3 a programa\u00e7\u00e3o reuniu produtores, profissionais e lideran\u00e7as das \u00e1reas de suinocultura, avicultura e bovinocultura no audit\u00f3rio da prefeitura, e a tarde foi realizada a visita\u00e7\u00e3o na Agro Familiar Steiger, na Linha Cristo Rei.<\/p>\n\n\n\n<p class=\"wp-block-paragraph\">De acordo com o analista da \u00e1rea de transfer\u00eancia e tecnologia da Embrapa de Conc\u00f3rdia, Evandro Carlos Barros, o objetivo principal do evento realizado na \u00faltima semana foi orientar os produtores e profissionais com foco na valoriza\u00e7\u00e3o dos dejetos animais, que anteriormente eram vistos como vil\u00f5es das propriedades, pela dificuldade no uso e destina\u00e7\u00e3o, mas hoje s\u00e3o aliados. Comenta que os investimentos em estruturas como granjas, Free Stall e Compost Barn aumentaram consideravelmente nos \u00faltimos anos, e com isso, aumenta tamb\u00e9m a quantidade de dejeto produzido.<\/p>\n\n\n\n<p class=\"wp-block-paragraph\">Evandro destaca que os dejetos podem ser usados em substitui\u00e7\u00e3o a aduba\u00e7\u00e3o mineral, e com isso, gerar renda e melhorar os indicadores da produ\u00e7\u00e3o, indiferente da atividade. Para isso, lembra que os manejos tamb\u00e9m devem ser os adequados, considerando as normas ambientais. O analista da Embrapa ressalta que uma das melhores alternativas \u00e9 a fertirriga\u00e7\u00e3o, para aplica\u00e7\u00e3o de dejetos l\u00edquidos da suinocultura e bovinocultura, em fun\u00e7\u00e3o dos benef\u00edcios que gera. Cita a redu\u00e7\u00e3o na m\u00e3o de obra para o produtor, a praticidade no manejo com a aplica\u00e7\u00e3o podendo ser feita em qualquer per\u00edodo, mesmo quando h\u00e1 muita umidade e as m\u00e1quinas n\u00e3o conseguem entrar nas lavouras. Al\u00e9m disso, evita a compacta\u00e7\u00e3o do solo com m\u00e1quinas pesadas.<\/p>\n\n\n\n<p class=\"wp-block-paragraph\"><em>\u201cO dejeto \u00e9 um aliado do produtor. Representa uma fatia muito interessante e uma sobra importante da atividade, em que \u00e9 poss\u00edvel agregar valor com o res\u00edduo. \u00c9 um \u00f3timo fertilizante que pode ser usado na substitui\u00e7\u00e3o da aduba\u00e7\u00e3o mineral\u201d,<\/em> ressalta o analista da Embrapa. Evandro comenta que a Embrapa trabalha na busca de solu\u00e7\u00f5es para a agricultura, que est\u00e1 em constante evolu\u00e7\u00e3o e com desafios di\u00e1rios. Entre estas solu\u00e7\u00f5es, cita o reaproveitamento e reciclagem dos materiais, o que \u00e9 uma tend\u00eancia, pensando em sustentabilidade e na continuidade do trabalho pelas gera\u00e7\u00f5es futuras.<\/p>\n\n\n\n<p class=\"wp-block-paragraph\">Na visita\u00e7\u00e3o a propriedade da fam\u00edlia Steiger, o extensionista rural da Epagri, Marcelo Rohden, apresentou um m\u00e9todo alternativo para avaliar a qualidade e os nutrientes presentes no dejeto, sem que o produtor precise enviar amostra ao laborat\u00f3rio. Com o aparelho chamado de dens\u00edmetro, explica que o produtor pode fazer o teste, e a partir da densidade do material, \u00e9 poss\u00edvel ter uma base de quanto NPK, f\u00f3sforo, nitrog\u00eanio e pot\u00e1ssio o dejeto possui, e assim ter a recomenda\u00e7\u00e3o t\u00e9cnica de quanto aplicar nas lavouras.<\/p>\n\n\n\n<p class=\"wp-block-paragraph\">Marcelo acrescenta que quanto mais denso o dejeto, mais nutrientes ele apresenta e menor a dose que precisa ser aplicada por hectare. Lembra que o produtor que ainda n\u00e3o possui o aparelho, e quer entender melhor sobre o seu uso e funcionamento, pode entrar em contato com a Epagri para solicitar o teste.<\/p>\n\n\n\n<p class=\"wp-block-paragraph\"><strong>Investimento que gera resultado<\/strong><\/p>\n\n\n\n<p class=\"wp-block-paragraph\">A fam\u00edlia Steiger trabalha com suinocultura desde o ano 2000. A atividade iniciou pelo pai Joao Jorge Steiger, na \u00e9poca com 230 animais, e hoje est\u00e1 tendo sequ\u00eancia pelos filhos Moacir e Rodrigo. Atualmente s\u00e3o 2040 su\u00ednos, no sistema de termina\u00e7\u00e3o. De forma complementar aos su\u00ednos, a fam\u00edlia mant\u00e9m a produ\u00e7\u00e3o de leite, com um plantel de quase 30 vacas.<\/p>\n\n\n\n<p class=\"wp-block-paragraph\">H\u00e1 pouco mais de dois anos a fam\u00edlia realizou dois investimentos importantes, que vem ao encontro do manejo correto dos dejetos e das normas de biosseguridade, enfatizados durante o encontro. Para evitar a entrada da \u00e1gua da chuva, e consequentemente reduzir o volume armazenado e melhorar a qualidade do dejeto, os produtores investiram na cobertura das esterqueiras. Logo depois, para compensar a falta de m\u00e3o de obra, investiram no sistema de fertirriga\u00e7\u00e3o de seis hectares, em que o dejeto \u00e9 distribu\u00eddo nas lavouras por aspers\u00e3o.<\/p>\n\n\n\n<p class=\"wp-block-paragraph\">O resultado pr\u00e1tico, a partir dos investimentos, \u00e9 um dejeto com mais nutrientes, e uma pastagem com mais qualidade e em maior quantidade. Al\u00e9m disso, o investimento permite o reaproveitamento dos dejetos su\u00ednos na pr\u00f3pria propriedade, e consequentemente, uma alimenta\u00e7\u00e3o melhor para o plantel bovino.<\/p>\n\n\n\n<figure class=\"wp-block-image size-large\"><img fetchpriority=\"high\" decoding=\"async\" width=\"1024\" height=\"768\" src=\"https:\/\/noticiarioregional.com.br\/wp-content\/uploads\/2026\/09\/Como-alternativa-ao-teste-de-laboratorio-o-extensionista-apresentou-o-densimetro-como-metodo-pratico-de-avaliacao-da-qualidade-e-dos-nutrientes-presentes-no-dejeto-1024x768.jpg\" alt=\"\" class=\"wp-image-9955\" srcset=\"https:\/\/noticiarioregional.com.br\/wp-content\/uploads\/2026\/09\/Como-alternativa-ao-teste-de-laboratorio-o-extensionista-apresentou-o-densimetro-como-metodo-pratico-de-avaliacao-da-qualidade-e-dos-nutrientes-presentes-no-dejeto-1024x768.jpg 1024w, https:\/\/noticiarioregional.com.br\/wp-content\/uploads\/2026\/09\/Como-alternativa-ao-teste-de-laboratorio-o-extensionista-apresentou-o-densimetro-como-metodo-pratico-de-avaliacao-da-qualidade-e-dos-nutrientes-presentes-no-dejeto-300x225.jpg 300w, https:\/\/noticiarioregional.com.br\/wp-content\/uploads\/2026\/09\/Como-alternativa-ao-teste-de-laboratorio-o-extensionista-apresentou-o-densimetro-como-metodo-pratico-de-avaliacao-da-qualidade-e-dos-nutrientes-presentes-no-dejeto-149x112.jpg 149w, https:\/\/noticiarioregional.com.br\/wp-content\/uploads\/2026\/09\/Como-alternativa-ao-teste-de-laboratorio-o-extensionista-apresentou-o-densimetro-como-metodo-pratico-de-avaliacao-da-qualidade-e-dos-nutrientes-presentes-no-dejeto-449x337.jpg 449w, https:\/\/noticiarioregional.com.br\/wp-content\/uploads\/2026\/09\/Como-alternativa-ao-teste-de-laboratorio-o-extensionista-apresentou-o-densimetro-como-metodo-pratico-de-avaliacao-da-qualidade-e-dos-nutrientes-presentes-no-dejeto-1536x1152.jpg 1536w, https:\/\/noticiarioregional.com.br\/wp-content\/uploads\/2026\/09\/Como-alternativa-ao-teste-de-laboratorio-o-extensionista-apresentou-o-densimetro-como-metodo-pratico-de-avaliacao-da-qualidade-e-dos-nutrientes-presentes-no-dejeto-1200x900.jpg 1200w\" sizes=\"(max-width: 1024px) 100vw, 1024px\" \/><figcaption class=\"wp-element-caption\">Como alternativa ao teste de laborat\u00f3rio, o extensionista apresentou o dens\u00edmetro como m\u00e9todo pr\u00e1tico de avalia\u00e7\u00e3o da qualidade e dos nutrientes presentes no dejeto<\/figcaption><\/figure>\n\n\n\n<figure class=\"wp-block-image size-large\"><img decoding=\"async\" width=\"1024\" height=\"683\" src=\"https:\/\/noticiarioregional.com.br\/wp-content\/uploads\/2026\/09\/Analista-da-area-de-transferencia-e-tecnologia-da-Embrapa-de-Concordia-Evandro-Carlos-Barros-1024x683.jpg\" alt=\"\" class=\"wp-image-9956\" srcset=\"https:\/\/noticiarioregional.com.br\/wp-content\/uploads\/2026\/09\/Analista-da-area-de-transferencia-e-tecnologia-da-Embrapa-de-Concordia-Evandro-Carlos-Barros-1024x683.jpg 1024w, https:\/\/noticiarioregional.com.br\/wp-content\/uploads\/2026\/09\/Analista-da-area-de-transferencia-e-tecnologia-da-Embrapa-de-Concordia-Evandro-Carlos-Barros-1536x1024.jpg 1536w, https:\/\/noticiarioregional.com.br\/wp-content\/uploads\/2026\/09\/Analista-da-area-de-transferencia-e-tecnologia-da-Embrapa-de-Concordia-Evandro-Carlos-Barros-300x200.jpg 300w, https:\/\/noticiarioregional.com.br\/wp-content\/uploads\/2026\/09\/Analista-da-area-de-transferencia-e-tecnologia-da-Embrapa-de-Concordia-Evandro-Carlos-Barros-150x100.jpg 150w, https:\/\/noticiarioregional.com.br\/wp-content\/uploads\/2026\/09\/Analista-da-area-de-transferencia-e-tecnologia-da-Embrapa-de-Concordia-Evandro-Carlos-Barros-1200x800.jpg 1200w, https:\/\/noticiarioregional.com.br\/wp-content\/uploads\/2026\/09\/Analista-da-area-de-transferencia-e-tecnologia-da-Embrapa-de-Concordia-Evandro-Carlos-Barros-450x300.jpg 450w\" sizes=\"(max-width: 1024px) 100vw, 1024px\" \/><figcaption class=\"wp-element-caption\">Analista da \u00e1rea de transfer\u00eancia e tecnologia da Embrapa de Conc\u00f3rdia, Evandro Carlos Barros<\/figcaption><\/figure>\n","protected":false},"excerpt":{"rendered":"<p>Encontro enfatiza import\u00e2ncia dos dejetos animais e pr\u00e1ticas para melhorar a qualidade e o manejo do material Com o objetivo de discutir a qualidade e uso dos dejetos animais, a Epagri, em parceria com a Embrapa e a secretaria de Agricultura de S\u00e3o Jo\u00e3o do Oeste, promoveu no dia 18 de agosto uma capacita\u00e7\u00e3o sobre<\/p>\n","protected":false},"author":1,"featured_media":9954,"comment_status":"open","ping_status":"open","sticky":false,"template":"","format":"standard","meta":{"footnotes":""},"categories":[41],"tags":[],"class_list":["post-9953","post","type-post","status-publish","format-standard","has-post-thumbnail","category-noticias"],"_links":{"self":[{"href":"https:\/\/noticiarioregional.com.br\/index.php?rest_route=\/wp\/v2\/posts\/9953","targetHints":{"allow":["GET"]}}],"collection":[{"href":"https:\/\/noticiarioregional.com.br\/index.php?rest_route=\/wp\/v2\/posts"}],"about":[{"href":"https:\/\/noticiarioregional.com.br\/index.php?rest_route=\/wp\/v2\/types\/post"}],"author":[{"embeddable":true,"href":"https:\/\/noticiarioregional.com.br\/index.php?rest_route=\/wp\/v2\/users\/1"}],"replies":[{"embeddable":true,"href":"https:\/\/noticiarioregional.com.br\/index.php?rest_route=%2Fwp%2Fv2%2Fcomments&post=9953"}],"version-history":[{"count":1,"href":"https:\/\/noticiarioregional.com.br\/index.php?rest_route=\/wp\/v2\/posts\/9953\/revisions"}],"predecessor-version":[{"id":9957,"href":"https:\/\/noticiarioregional.com.br\/index.php?rest_route=\/wp\/v2\/posts\/9953\/revisions\/9957"}],"wp:featuredmedia":[{"embeddable":true,"href":"https:\/\/noticiarioregional.com.br\/index.php?rest_route=\/wp\/v2\/media\/9954"}],"wp:attachment":[{"href":"https:\/\/noticiarioregional.com.br\/index.php?rest_route=%2Fwp%2Fv2%2Fmedia&parent=9953"}],"wp:term":[{"taxonomy":"category","embeddable":true,"href":"https:\/\/noticiarioregional.com.br\/index.php?rest_route=%2Fwp%2Fv2%2Fcategories&post=9953"},{"taxonomy":"post_tag","embeddable":true,"href":"https:\/\/noticiarioregional.com.br\/index.php?rest_route=%2Fwp%2Fv2%2Ftags&post=9953"}],"curies":[{"name":"wp","href":"https:\/\/api.w.org\/{rel}","templated":true}]}}