{"id":9958,"date":"2026-09-04T15:18:23","date_gmt":"2026-09-04T18:18:23","guid":{"rendered":"https:\/\/noticiarioregional.com.br\/?p=9958"},"modified":"2026-09-01T15:20:31","modified_gmt":"2026-09-01T18:20:31","slug":"belmonte-tera-desfile-civico-e-homenagem-a-patria-no-sabado-05","status":"publish","type":"post","link":"https:\/\/noticiarioregional.com.br\/?p=9958","title":{"rendered":"Belmonte ter\u00e1 desfile c\u00edvico e homenagem a P\u00e1tria no s\u00e1bado, 05"},"content":{"rendered":"\n<p class=\"wp-block-paragraph\">A programa\u00e7\u00e3o da Semana da P\u00e1tria no munic\u00edpio iniciou na ter\u00e7a-feira, dia 1\u00ba de setembro, com hasteamento da bandeira e hora cultural na \u00e1rea coberta do gin\u00e1sio municipal. O ato teve a presen\u00e7a de autoridades, escolas e comunidade em geral.<\/p>\n\n\n\n<p class=\"wp-block-paragraph\">A gerente de cultura, Velenice Peloso, destaca que o desfile c\u00edvico ser\u00e1 realizado no s\u00e1bado, 05 de setembro. O desfile inicia \u00e0s 9h, com sa\u00edda dos pelot\u00f5es em frente a prefeitura, em dire\u00e7\u00e3o a \u00e1rea coberta. Est\u00e1 prevista a participa\u00e7\u00e3o de 17 pelot\u00f5es, entre escolas, grupos de idosos, clube de m\u00e3es, CEDUP, IFSC, APAE, Pol\u00edcia Militar, Bombeiros e secretarias municipais.<\/p>\n\n\n\n<p class=\"wp-block-paragraph\">Velenice ressalta que logo ap\u00f3s o desfile inicia a hora cultural com pronunciamentos das autoridades e apresenta\u00e7\u00e3o da fanfarra de Descanso. De forma especial, convida a comunidade Belmontense a participar desse importante evento de homenagem e demonstra\u00e7\u00e3o de amor a P\u00e1tria.<\/p>\n\n\n\n<p class=\"wp-block-paragraph\"><\/p>\n","protected":false},"excerpt":{"rendered":"<p>A programa\u00e7\u00e3o da Semana da P\u00e1tria no munic\u00edpio iniciou na ter\u00e7a-feira, dia 1\u00ba de setembro, com hasteamento da bandeira e hora cultural na \u00e1rea coberta do gin\u00e1sio municipal. O ato teve a presen\u00e7a de autoridades, escolas e comunidade em geral. A gerente de cultura, Velenice Peloso, destaca que o desfile c\u00edvico ser\u00e1 realizado no s\u00e1bado,<\/p>\n","protected":false},"author":1,"featured_media":9959,"comment_status":"open","ping_status":"open","sticky":false,"template":"","format":"standard","meta":{"footnotes":""},"categories":[41],"tags":[],"class_list":["post-9958","post","type-post","status-publish","format-standard","has-post-thumbnail","category-noticias"],"_links":{"self":[{"href":"https:\/\/noticiarioregional.com.br\/index.php?rest_route=\/wp\/v2\/posts\/9958","targetHints":{"allow":["GET"]}}],"collection":[{"href":"https:\/\/noticiarioregional.com.br\/index.php?rest_route=\/wp\/v2\/posts"}],"about":[{"href":"https:\/\/noticiarioregional.com.br\/index.php?rest_route=\/wp\/v2\/types\/post"}],"author":[{"embeddable":true,"href":"https:\/\/noticiarioregional.com.br\/index.php?rest_route=\/wp\/v2\/users\/1"}],"replies":[{"embeddable":true,"href":"https:\/\/noticiarioregional.com.br\/index.php?rest_route=%2Fwp%2Fv2%2Fcomments&post=9958"}],"version-history":[{"count":1,"href":"https:\/\/noticiarioregional.com.br\/index.php?rest_route=\/wp\/v2\/posts\/9958\/revisions"}],"predecessor-version":[{"id":9960,"href":"https:\/\/noticiarioregional.com.br\/index.php?rest_route=\/wp\/v2\/posts\/9958\/revisions\/9960"}],"wp:featuredmedia":[{"embeddable":true,"href":"https:\/\/noticiarioregional.com.br\/index.php?rest_route=\/wp\/v2\/media\/9959"}],"wp:attachment":[{"href":"https:\/\/noticiarioregional.com.br\/index.php?rest_route=%2Fwp%2Fv2%2Fmedia&parent=9958"}],"wp:term":[{"taxonomy":"category","embeddable":true,"href":"https:\/\/noticiarioregional.com.br\/index.php?rest_route=%2Fwp%2Fv2%2Fcategories&post=9958"},{"taxonomy":"post_tag","embeddable":true,"href":"https:\/\/noticiarioregional.com.br\/index.php?rest_route=%2Fwp%2Fv2%2Ftags&post=9958"}],"curies":[{"name":"wp","href":"https:\/\/api.w.org\/{rel}","templated":true}]}}