{"id":9961,"date":"2026-09-05T15:21:38","date_gmt":"2026-09-05T18:21:38","guid":{"rendered":"https:\/\/noticiarioregional.com.br\/?p=9961"},"modified":"2026-09-01T15:32:55","modified_gmt":"2026-09-01T18:32:55","slug":"selli-alimentos-saudaveis-e-viva-mais-natural","status":"publish","type":"post","link":"https:\/\/noticiarioregional.com.br\/?p=9961","title":{"rendered":"Selli Alimentos Saud\u00e1veis e Viva Mais Natural"},"content":{"rendered":"\n<p class=\"wp-block-paragraph\"><strong>Loja de produtos naturais passa a fazer parte do grupo Selli Alimentos<\/strong><\/p>\n\n\n\n<p class=\"wp-block-paragraph\">Tendo o foco principal da sa\u00fade como o mais importante na vida das pessoas, os empres\u00e1rios Graziella Selli Schneider e Gilberto Schneider, propriet\u00e1rios da Selli Alimentos Saud\u00e1veis, realizaram mais um investimento para ampliar as op\u00e7\u00f5es na linha de produtos naturais e saud\u00e1veis. Conforme os empres\u00e1rios, a Selli Alimentos vem h\u00e1 muitos anos buscando os melhores ingredientes da natureza que possuam antioxidantes em sua composi\u00e7\u00e3o para assim melhorar o sistema imunol\u00f3gico de quem os consome.<\/p>\n\n\n\n<p class=\"wp-block-paragraph\">A partir deste m\u00eas, a loja de produtos naturais Viva Mais Natural, localizada em frente ao antigo Banco do Brasil, passa a fazer parte do grupo Selli Alimentos Saud\u00e1veis. A loja oferece uma ampla variedade de produtos naturais, condimentos, ch\u00e1s, gr\u00e3os, suplementos e vitaminas, al\u00e9m de op\u00e7\u00f5es de presentes e toda linha de biscoitos naturais sem gl\u00faten e sem lactose da Selli Alimentos. Nas compras acima de R$ 50,00, o cliente ganha brindes surpresa.<\/p>\n\n\n\n<p class=\"wp-block-paragraph\">A Viva Mais Natural atende de segunda a sexta-feira, das 8h \u00e0s 11h30, e das 13h30 \u00e0s 18h15, e aos s\u00e1bados das 8h30 \u00e0s 12h. Nas redes sociais da loja, diariamente o cliente pode acompanhar as novidades e produtos dispon\u00edveis.<\/p>\n\n\n\n<p class=\"wp-block-paragraph\"><\/p>\n","protected":false},"excerpt":{"rendered":"<p>Loja de produtos naturais passa a fazer parte do grupo Selli Alimentos Tendo o foco principal da sa\u00fade como o mais importante na vida das pessoas, os empres\u00e1rios Graziella Selli Schneider e Gilberto Schneider, propriet\u00e1rios da Selli Alimentos Saud\u00e1veis, realizaram mais um investimento para ampliar as op\u00e7\u00f5es na linha de produtos naturais e saud\u00e1veis. Conforme<\/p>\n","protected":false},"author":1,"featured_media":9962,"comment_status":"open","ping_status":"open","sticky":false,"template":"","format":"standard","meta":{"footnotes":""},"categories":[41],"tags":[],"class_list":["post-9961","post","type-post","status-publish","format-standard","has-post-thumbnail","category-noticias"],"_links":{"self":[{"href":"https:\/\/noticiarioregional.com.br\/index.php?rest_route=\/wp\/v2\/posts\/9961","targetHints":{"allow":["GET"]}}],"collection":[{"href":"https:\/\/noticiarioregional.com.br\/index.php?rest_route=\/wp\/v2\/posts"}],"about":[{"href":"https:\/\/noticiarioregional.com.br\/index.php?rest_route=\/wp\/v2\/types\/post"}],"author":[{"embeddable":true,"href":"https:\/\/noticiarioregional.com.br\/index.php?rest_route=\/wp\/v2\/users\/1"}],"replies":[{"embeddable":true,"href":"https:\/\/noticiarioregional.com.br\/index.php?rest_route=%2Fwp%2Fv2%2Fcomments&post=9961"}],"version-history":[{"count":1,"href":"https:\/\/noticiarioregional.com.br\/index.php?rest_route=\/wp\/v2\/posts\/9961\/revisions"}],"predecessor-version":[{"id":9963,"href":"https:\/\/noticiarioregional.com.br\/index.php?rest_route=\/wp\/v2\/posts\/9961\/revisions\/9963"}],"wp:featuredmedia":[{"embeddable":true,"href":"https:\/\/noticiarioregional.com.br\/index.php?rest_route=\/wp\/v2\/media\/9962"}],"wp:attachment":[{"href":"https:\/\/noticiarioregional.com.br\/index.php?rest_route=%2Fwp%2Fv2%2Fmedia&parent=9961"}],"wp:term":[{"taxonomy":"category","embeddable":true,"href":"https:\/\/noticiarioregional.com.br\/index.php?rest_route=%2Fwp%2Fv2%2Fcategories&post=9961"},{"taxonomy":"post_tag","embeddable":true,"href":"https:\/\/noticiarioregional.com.br\/index.php?rest_route=%2Fwp%2Fv2%2Ftags&post=9961"}],"curies":[{"name":"wp","href":"https:\/\/api.w.org\/{rel}","templated":true}]}}