{"id":9965,"date":"2026-09-01T15:37:50","date_gmt":"2026-09-01T18:37:50","guid":{"rendered":"https:\/\/noticiarioregional.com.br\/?p=9965"},"modified":"2026-09-01T15:37:51","modified_gmt":"2026-09-01T18:37:51","slug":"dia-de-campo-de-turismo-rural","status":"publish","type":"post","link":"https:\/\/noticiarioregional.com.br\/?p=9965","title":{"rendered":"Dia de Campo de Turismo Rural"},"content":{"rendered":"\n<p class=\"wp-block-paragraph\"><strong>Evento re\u00fane gestores e empreendedores do setor para discutir e fortalecer o turismo regional<\/strong><\/p>\n\n\n\n<p class=\"wp-block-paragraph\">O S\u00edtio Retorno, localizado na Linha Pirap\u00f3, sediou no dia 20 de agosto, o Dia de Campo de Turismo Rural, realizado pela Epagri, com o apoio do munic\u00edpio de Ipor\u00e3 do Oeste, da Associa\u00e7\u00e3o dos Munic\u00edpios do Extremo Oeste Catarinense, AMEOSC, e do Instituto Federal. O coordenador do evento foi o agr\u00f4nomo da Epagri de Palmitos, Douglas Gato, l\u00edder regional na UGT-9, do projeto de Gest\u00e3o, Neg\u00f3cios e Mercados &#8211; GNM da Epagri, onde est\u00e1 inserido o tema do Turismo Rural. A programa\u00e7\u00e3o reuniu durante todo o dia gestores municipais e do setor de turismo dos 19 munic\u00edpios da AMEOSC, e tamb\u00e9m respons\u00e1veis por estabelecimentos e atra\u00e7\u00f5es tur\u00edsticas da regi\u00e3o.<\/p>\n\n\n\n<p class=\"wp-block-paragraph\">A extensionista social da Epagri de Ipor\u00e3 do Oeste, Alice Pinnow, esclarece que a iniciativa de realizar o dia de campo surgiu ap\u00f3s o levantamento de turismo rural realizado pela equipe de Gest\u00e3o, Neg\u00f3cios e Mercados da Epagri, em que foram ouvidos os 35 munic\u00edpios da regional UGT-9. Explica que esse levantamento mapeou 193 empreendimentos de turismo rural planejados ou em constru\u00e7\u00e3o na regi\u00e3o, com expectativa de receber cerca de 141 mil turistas por ano, e apontou os principais gargalos enfrentados pelos empreendedores, entre eles, a regulariza\u00e7\u00e3o fiscal e a precifica\u00e7\u00e3o dos servi\u00e7os.<\/p>\n\n\n\n<p class=\"wp-block-paragraph\">Alice comenta que Ipor\u00e3 do Oeste foi escolhido para sediar o evento por ser um dos munic\u00edpios que mais se destaca nesse levantamento, j\u00e1 com empreendimentos consolidados, como o Chal\u00e9 Monte Maria. Al\u00e9m tamb\u00e9m do apoio direto oferecido pelo munic\u00edpio e da fam\u00edlia do S\u00edtio Retorno.<\/p>\n\n\n\n<p class=\"wp-block-paragraph\">A primeira palestra do dia, sobre&nbsp;\u201cMercado e Oportunidades do Turismo Rural: a estrat\u00e9gia da cesta de bens e servi\u00e7os para valoriza\u00e7\u00e3o territorial\u201d, foi ministrada pelo agr\u00f4nomo do IFSC, doutor Adinor Jos\u00e9 Capellesso. Na sequ\u00eancia, a segunda palestra sobre&nbsp;\u201cGest\u00e3o e precifica\u00e7\u00e3o no turismo\u201d, com o engenheiro de alimentos da Epagri, Ezequiel Nunes. Logo ap\u00f3s, foi realizada uma mesa-redonda com casos de sucesso em hospedagem rural do Camping Cachoeira Moro de Guaraciaba, do Chal\u00e9 Monte Maria de Ipor\u00e3 do Oeste e da hospedagem grupal do S\u00edtio Verde Aroma de Caibi.<\/p>\n\n\n\n<p class=\"wp-block-paragraph\">Ap\u00f3s o almo\u00e7o, foram realizadas as oficinas pr\u00e1ticas simult\u00e2neas de gastronomia e hospitalidade, paisagismo e organiza\u00e7\u00e3o de arredores, e meio ambiente e turismo rural sustent\u00e1vel. O evento reuniu durante todo o dia cerca de 150 pessoas, entre agricultores, t\u00e9cnicos, autoridades e convidados.<\/p>\n\n\n\n<p class=\"wp-block-paragraph\">A extensionista social ressalta que de forma geral, os temas trabalhados no evento refletem demandas que s\u00e3o identificadas no dia a dia da assist\u00eancia t\u00e9cnica. <em>\u201cA defini\u00e7\u00e3o desses temas n\u00e3o foi aleat\u00f3ria: ela nasce do contato direto que a Epagri tem com os produtores, das dificuldades que eles relatam \u2014 principalmente na hora de identificar produtos tur\u00edsticos genu\u00ednos sem descaracterizar a propriedade, precificar corretamente os servi\u00e7os e de profissionalizar a gest\u00e3o do neg\u00f3cio. Nas oficinas os participantes tiveram a orienta\u00e7\u00e3o de pontos chave para que a propriedade ofere\u00e7a um produto tur\u00edstico de qualidade para satisfazer a expectativa do visitante. Por isso trouxemos especialistas do IFSC e da pr\u00f3pria Epagri para tratar exatamente desses pontos\u201d,<\/em> destaca Alice.<\/p>\n\n\n\n<p class=\"wp-block-paragraph\">Para a extensionista, o dia de campo cumpriu o papel de aproximar o diagn\u00f3stico t\u00e9cnico da realidade pr\u00e1tica de quem j\u00e1 empreende ou pretende empreender no turismo rural, e isso, a m\u00e9dio prazo, tende a se traduzir em mais propriedades regularizadas, com maior gama de produtos tur\u00edsticos de qualidade ofertados, valoriza\u00e7\u00e3o da cultura e gastronomia local, gerando mais renda para as fam\u00edlias da regi\u00e3o.<\/p>\n\n\n\n<figure class=\"wp-block-image size-large\"><img fetchpriority=\"high\" decoding=\"async\" width=\"1024\" height=\"683\" src=\"https:\/\/noticiarioregional.com.br\/wp-content\/uploads\/2026\/09\/Anfitrioes-do-evento-e-proprietarios-do-Sitio-Retorno-Joacir-e-Marfisa-Frizon-1024x683.jpg\" alt=\"\" class=\"wp-image-9967\" srcset=\"https:\/\/noticiarioregional.com.br\/wp-content\/uploads\/2026\/09\/Anfitrioes-do-evento-e-proprietarios-do-Sitio-Retorno-Joacir-e-Marfisa-Frizon-1024x683.jpg 1024w, https:\/\/noticiarioregional.com.br\/wp-content\/uploads\/2026\/09\/Anfitrioes-do-evento-e-proprietarios-do-Sitio-Retorno-Joacir-e-Marfisa-Frizon-300x200.jpg 300w, https:\/\/noticiarioregional.com.br\/wp-content\/uploads\/2026\/09\/Anfitrioes-do-evento-e-proprietarios-do-Sitio-Retorno-Joacir-e-Marfisa-Frizon-150x100.jpg 150w, https:\/\/noticiarioregional.com.br\/wp-content\/uploads\/2026\/09\/Anfitrioes-do-evento-e-proprietarios-do-Sitio-Retorno-Joacir-e-Marfisa-Frizon-1536x1024.jpg 1536w, https:\/\/noticiarioregional.com.br\/wp-content\/uploads\/2026\/09\/Anfitrioes-do-evento-e-proprietarios-do-Sitio-Retorno-Joacir-e-Marfisa-Frizon-450x300.jpg 450w, https:\/\/noticiarioregional.com.br\/wp-content\/uploads\/2026\/09\/Anfitrioes-do-evento-e-proprietarios-do-Sitio-Retorno-Joacir-e-Marfisa-Frizon-1200x800.jpg 1200w\" sizes=\"(max-width: 1024px) 100vw, 1024px\" \/><figcaption class=\"wp-element-caption\">Anfitri\u00f5es do evento, e propriet\u00e1rios do S\u00edtio Retorno, Joacir e Marfisa Frizon<\/figcaption><\/figure>\n\n\n\n<figure class=\"wp-block-image size-large\"><img decoding=\"async\" width=\"1024\" height=\"683\" src=\"https:\/\/noticiarioregional.com.br\/wp-content\/uploads\/2026\/09\/Equipe-de-profissionais-da-Epagri-1024x683.jpg\" alt=\"\" class=\"wp-image-9968\" srcset=\"https:\/\/noticiarioregional.com.br\/wp-content\/uploads\/2026\/09\/Equipe-de-profissionais-da-Epagri-1024x683.jpg 1024w, https:\/\/noticiarioregional.com.br\/wp-content\/uploads\/2026\/09\/Equipe-de-profissionais-da-Epagri-300x200.jpg 300w, https:\/\/noticiarioregional.com.br\/wp-content\/uploads\/2026\/09\/Equipe-de-profissionais-da-Epagri-1536x1024.jpg 1536w, https:\/\/noticiarioregional.com.br\/wp-content\/uploads\/2026\/09\/Equipe-de-profissionais-da-Epagri-150x100.jpg 150w, https:\/\/noticiarioregional.com.br\/wp-content\/uploads\/2026\/09\/Equipe-de-profissionais-da-Epagri-450x300.jpg 450w, https:\/\/noticiarioregional.com.br\/wp-content\/uploads\/2026\/09\/Equipe-de-profissionais-da-Epagri-1200x800.jpg 1200w\" sizes=\"(max-width: 1024px) 100vw, 1024px\" \/><figcaption class=\"wp-element-caption\">Equipe de profissionais da Epagri<\/figcaption><\/figure>\n\n\n\n<figure class=\"wp-block-image size-large\"><img decoding=\"async\" width=\"1024\" height=\"683\" src=\"https:\/\/noticiarioregional.com.br\/wp-content\/uploads\/2026\/09\/Mesa-de-autoridades-de-Ipora-do-Oeste-e-da-regiao-1024x683.jpg\" alt=\"\" class=\"wp-image-9969\" srcset=\"https:\/\/noticiarioregional.com.br\/wp-content\/uploads\/2026\/09\/Mesa-de-autoridades-de-Ipora-do-Oeste-e-da-regiao-1024x683.jpg 1024w, https:\/\/noticiarioregional.com.br\/wp-content\/uploads\/2026\/09\/Mesa-de-autoridades-de-Ipora-do-Oeste-e-da-regiao-300x200.jpg 300w, https:\/\/noticiarioregional.com.br\/wp-content\/uploads\/2026\/09\/Mesa-de-autoridades-de-Ipora-do-Oeste-e-da-regiao-1536x1024.jpg 1536w, https:\/\/noticiarioregional.com.br\/wp-content\/uploads\/2026\/09\/Mesa-de-autoridades-de-Ipora-do-Oeste-e-da-regiao-150x100.jpg 150w, https:\/\/noticiarioregional.com.br\/wp-content\/uploads\/2026\/09\/Mesa-de-autoridades-de-Ipora-do-Oeste-e-da-regiao-1200x800.jpg 1200w, https:\/\/noticiarioregional.com.br\/wp-content\/uploads\/2026\/09\/Mesa-de-autoridades-de-Ipora-do-Oeste-e-da-regiao-450x300-1.jpg 450w\" sizes=\"(max-width: 1024px) 100vw, 1024px\" \/><figcaption class=\"wp-element-caption\">Mesa de autoridades de Ipor\u00e3 do Oeste e da regi\u00e3o<\/figcaption><\/figure>\n\n\n\n<figure class=\"wp-block-image size-large\"><img loading=\"lazy\" decoding=\"async\" width=\"1024\" height=\"768\" src=\"https:\/\/noticiarioregional.com.br\/wp-content\/uploads\/2026\/09\/IMG_4732-1024x768.jpg\" alt=\"\" class=\"wp-image-9970\" srcset=\"https:\/\/noticiarioregional.com.br\/wp-content\/uploads\/2026\/09\/IMG_4732-1024x768.jpg 1024w, https:\/\/noticiarioregional.com.br\/wp-content\/uploads\/2026\/09\/IMG_4732-300x225.jpg 300w, https:\/\/noticiarioregional.com.br\/wp-content\/uploads\/2026\/09\/IMG_4732-149x112.jpg 149w, https:\/\/noticiarioregional.com.br\/wp-content\/uploads\/2026\/09\/IMG_4732-449x337.jpg 449w, https:\/\/noticiarioregional.com.br\/wp-content\/uploads\/2026\/09\/IMG_4732-1536x1152.jpg 1536w, https:\/\/noticiarioregional.com.br\/wp-content\/uploads\/2026\/09\/IMG_4732-1200x900.jpg 1200w\" sizes=\"(max-width: 1024px) 100vw, 1024px\" \/><\/figure>\n\n\n\n<figure class=\"wp-block-image size-large\"><img loading=\"lazy\" decoding=\"async\" width=\"1024\" height=\"683\" src=\"https:\/\/noticiarioregional.com.br\/wp-content\/uploads\/2026\/09\/IMG_4735-1024x683.jpg\" alt=\"\" class=\"wp-image-9971\" srcset=\"https:\/\/noticiarioregional.com.br\/wp-content\/uploads\/2026\/09\/IMG_4735-1024x683.jpg 1024w, https:\/\/noticiarioregional.com.br\/wp-content\/uploads\/2026\/09\/IMG_4735-300x200.jpg 300w, https:\/\/noticiarioregional.com.br\/wp-content\/uploads\/2026\/09\/IMG_4735-150x100.jpg 150w, https:\/\/noticiarioregional.com.br\/wp-content\/uploads\/2026\/09\/IMG_4735-450x300.jpg 450w, https:\/\/noticiarioregional.com.br\/wp-content\/uploads\/2026\/09\/IMG_4735-1536x1024.jpg 1536w, https:\/\/noticiarioregional.com.br\/wp-content\/uploads\/2026\/09\/IMG_4735-1200x800.jpg 1200w\" sizes=\"(max-width: 1024px) 100vw, 1024px\" \/><\/figure>\n","protected":false},"excerpt":{"rendered":"<p>Evento re\u00fane gestores e empreendedores do setor para discutir e fortalecer o turismo regional O S\u00edtio Retorno, localizado na Linha Pirap\u00f3, sediou no dia 20 de agosto, o Dia de Campo de Turismo Rural, realizado pela Epagri, com o apoio do munic\u00edpio de Ipor\u00e3 do Oeste, da Associa\u00e7\u00e3o dos Munic\u00edpios do Extremo Oeste Catarinense, AMEOSC,<\/p>\n","protected":false},"author":1,"featured_media":9966,"comment_status":"open","ping_status":"open","sticky":false,"template":"","format":"standard","meta":{"footnotes":""},"categories":[41],"tags":[],"class_list":["post-9965","post","type-post","status-publish","format-standard","has-post-thumbnail","category-noticias"],"_links":{"self":[{"href":"https:\/\/noticiarioregional.com.br\/index.php?rest_route=\/wp\/v2\/posts\/9965","targetHints":{"allow":["GET"]}}],"collection":[{"href":"https:\/\/noticiarioregional.com.br\/index.php?rest_route=\/wp\/v2\/posts"}],"about":[{"href":"https:\/\/noticiarioregional.com.br\/index.php?rest_route=\/wp\/v2\/types\/post"}],"author":[{"embeddable":true,"href":"https:\/\/noticiarioregional.com.br\/index.php?rest_route=\/wp\/v2\/users\/1"}],"replies":[{"embeddable":true,"href":"https:\/\/noticiarioregional.com.br\/index.php?rest_route=%2Fwp%2Fv2%2Fcomments&post=9965"}],"version-history":[{"count":1,"href":"https:\/\/noticiarioregional.com.br\/index.php?rest_route=\/wp\/v2\/posts\/9965\/revisions"}],"predecessor-version":[{"id":9972,"href":"https:\/\/noticiarioregional.com.br\/index.php?rest_route=\/wp\/v2\/posts\/9965\/revisions\/9972"}],"wp:featuredmedia":[{"embeddable":true,"href":"https:\/\/noticiarioregional.com.br\/index.php?rest_route=\/wp\/v2\/media\/9966"}],"wp:attachment":[{"href":"https:\/\/noticiarioregional.com.br\/index.php?rest_route=%2Fwp%2Fv2%2Fmedia&parent=9965"}],"wp:term":[{"taxonomy":"category","embeddable":true,"href":"https:\/\/noticiarioregional.com.br\/index.php?rest_route=%2Fwp%2Fv2%2Fcategories&post=9965"},{"taxonomy":"post_tag","embeddable":true,"href":"https:\/\/noticiarioregional.com.br\/index.php?rest_route=%2Fwp%2Fv2%2Ftags&post=9965"}],"curies":[{"name":"wp","href":"https:\/\/api.w.org\/{rel}","templated":true}]}}