{"id":9973,"date":"2026-09-01T15:47:17","date_gmt":"2026-09-01T18:47:17","guid":{"rendered":"https:\/\/noticiarioregional.com.br\/?p=9973"},"modified":"2026-09-01T15:47:18","modified_gmt":"2026-09-01T18:47:18","slug":"nove-decadas-de-vida-de-maria-teresa-preuss","status":"publish","type":"post","link":"https:\/\/noticiarioregional.com.br\/?p=9973","title":{"rendered":"Nove d\u00e9cadas de vida de Maria Teresa Preuss"},"content":{"rendered":"\n<p class=\"wp-block-paragraph\"><strong>A hist\u00f3ria de uma mulher guerreira, forte e dedicada a fam\u00edlia<\/strong><\/p>\n\n\n\n<p class=\"wp-block-paragraph\">Chegar aos 90 anos de vida \u00e9 uma verdadeira d\u00e1diva para quem enfrentou muitas dificuldades e por v\u00e1rias vezes teve que ser forte para ser o amparo, a prote\u00e7\u00e3o e o suporte da fam\u00edlia. A Maria Teresa Preuss, moradora de Linha Monte Maria, teve o privil\u00e9gio de reunir os familiares e amigos para comemorar as nove d\u00e9cadas de vida, no \u00faltimo dia 09 de agosto, data do seu anivers\u00e1rio. O encontro foi no clube da comunidade, onde ela e o marido Francisco, falecido em janeiro de 2007, muito contribu\u00edram para fundar e desenvolver as entidades e estruturas hoje constitu\u00eddas.<\/p>\n\n\n\n<p class=\"wp-block-paragraph\">Maria \u00e9 natural do Rio Grande do Sul, onde nasceu na cidade de Santa Cruz do Sul, em 09 de agosto de 1936. Menos de dois meses depois, no dia 26 de setembro do mesmo ano, ela, que foi a filha mais nova do casal Jo\u00e3o Leopoldo e Ana Elizabetha Sehnem, se mudou junto com os pais para a comunidade de Sede Capela, em Itapiranga, na \u00e9poca Porto Novo. A mudan\u00e7a ocorreu principalmente pela busca de terras novas e mais f\u00e9rteis, pois no Rio Grande a produ\u00e7\u00e3o era limitada a culturas como fumo, arroz e melancia. Os demais oito irm\u00e3os nasceram em terras catarinenses.<\/p>\n\n\n\n<p class=\"wp-block-paragraph\">Em Sede Capela, Maria cursou somente at\u00e9 o 3\u00ba ano do prim\u00e1rio. Por mais que seu desejo fosse continuar os estudos, sendo a filha mais velha, precisava ajudar os pais nos afazeres da casa, no cuidado dos irm\u00e3os mais novos e servi\u00e7os da lavoura. A escola da comunidade que era de madeira acabou sendo destru\u00edda por um inc\u00eandio, o que dificultava ainda mais a continuidade dos estudos, que teriam que ser feitos em cidades mais distantes.<\/p>\n\n\n\n<p class=\"wp-block-paragraph\">A inf\u00e2ncia e a juventude de Maria foram trabalhando com a fam\u00edlia, e quando come\u00e7ou a frequentar os bailes e festas, conheceu seu futuro marido. Francisco Jos\u00e9 Preuss morava em Fortaleza, S\u00e3o Jo\u00e3o do Oeste. Os dois se conheceram em uma festa, depois, voltavam juntos para casa da missa. O namoro come\u00e7ou, e ap\u00f3s tr\u00eas anos, oficializaram o casamento em 28 de maio de 1958, na igreja de Sede Capela. Em junho do mesmo ano o casal se mudou para Monte Maria, Ipor\u00e3 do Oeste, na mesma propriedade em que Maria reside at\u00e9 hoje com familiares. A terra foi comprada pelo pai de Francisco, e com muito esfor\u00e7o, o casal trabalhou para pagar toda \u00e1rea.<\/p>\n\n\n\n<p class=\"wp-block-paragraph\">No dia do casamento, Maria recorda que a festa foi bem simples. Apenas poucos familiares, em uma comemora\u00e7\u00e3o singela. Na \u00e9poca chovia bastante, o que dificultou a chegada do fot\u00f3grafo para o registro dos noivos. O cas\u00f3rio foi em dia da semana, e o fot\u00f3grafo chegou apenas dias depois. Para aproveitar os registros, Maria teve que usar o vestido de noiva novamente, para que ela e o marido fossem fotografados.<\/p>\n\n\n\n<p class=\"wp-block-paragraph\">Assim como foi quando os pais de Maria chegaram a Sede Capela, quando ela e Francisco chegaram em Monte Maria tudo tamb\u00e9m era mato. N\u00e3o havia estradas, e foi necess\u00e1rio muito servi\u00e7o bra\u00e7al para iniciar as lavouras. A primeira casa do casal, durante sete anos, foi um galp\u00e3o. Maria conta que por cerca de tr\u00eas semanas abrigou em sua casa o motorista que fazia o servi\u00e7o de abertura da estrada, na \u00e9poca ainda pela prefeitura de Monda\u00ed.<\/p>\n\n\n\n<p class=\"wp-block-paragraph\">Em Monte Maria, a produ\u00e7\u00e3o era a base de milho, mandioca, batata e soja, al\u00e9m da cria\u00e7\u00e3o de su\u00ednos. O casal teve nove filhos, sendo os primeiros nascidos em casa com ajuda de parteira, e os mais velhos no hospital. Ao longo dos anos a fam\u00edlia aumentou. Hoje s\u00e3o 18 netos, e recentemente nasceu o 16\u00ba bisneto.<\/p>\n\n\n\n<p class=\"wp-block-paragraph\">Uma das paix\u00f5es de Maria sempre foi a participa\u00e7\u00e3o na Associa\u00e7\u00e3o Coral de Ipor\u00e3 do Oeste, do qual \u00e9 s\u00f3cia fundadora e participou durante 36 anos. Em 2025 recebeu inclusive um reconhecimento do coral, quando da comemora\u00e7\u00e3o dos seus 35 anos de funda\u00e7\u00e3o. Em fun\u00e7\u00e3o de problemas de sa\u00fade, n\u00e3o pode mais continuar participando dos ensaios, mas guarda as boas recorda\u00e7\u00f5es, as amizades que fez e os lugares que conheceu.<\/p>\n\n\n\n<p class=\"wp-block-paragraph\">Em casa, Maria se mant\u00e9m bastante ativa no preparo das refei\u00e7\u00f5es e de saborosas comidas para a fam\u00edlia. Um h\u00e1bito di\u00e1rio \u00e9 a leitura, o que diz gostar de fazer, e que contribui muito para que se mantenha ativa e com uma mente saud\u00e1vel. A festa dos seus 90 anos, define como um momento inesquec\u00edvel. Maria diz que o dia foi curto para conversar com todos os presentes, mas foi um dia divertido e que ficar\u00e1 em suas melhores lembran\u00e7as.<\/p>\n\n\n\n<figure class=\"wp-block-image size-large\"><img fetchpriority=\"high\" decoding=\"async\" width=\"1024\" height=\"681\" src=\"https:\/\/noticiarioregional.com.br\/wp-content\/uploads\/2026\/09\/Filhos-noras-e-genro-1024x681.jpg\" alt=\"\" class=\"wp-image-9975\" srcset=\"https:\/\/noticiarioregional.com.br\/wp-content\/uploads\/2026\/09\/Filhos-noras-e-genro-1024x681.jpg 1024w, https:\/\/noticiarioregional.com.br\/wp-content\/uploads\/2026\/09\/Filhos-noras-e-genro-149x99.jpg 149w, https:\/\/noticiarioregional.com.br\/wp-content\/uploads\/2026\/09\/Filhos-noras-e-genro-300x200.jpg 300w, https:\/\/noticiarioregional.com.br\/wp-content\/uploads\/2026\/09\/Filhos-noras-e-genro-1536x1021.jpg 1536w, https:\/\/noticiarioregional.com.br\/wp-content\/uploads\/2026\/09\/Filhos-noras-e-genro-1200x798.jpg 1200w, https:\/\/noticiarioregional.com.br\/wp-content\/uploads\/2026\/09\/Filhos-noras-e-genro-450x299.jpg 450w, https:\/\/noticiarioregional.com.br\/wp-content\/uploads\/2026\/09\/Filhos-noras-e-genro.jpg 1600w\" sizes=\"(max-width: 1024px) 100vw, 1024px\" \/><figcaption class=\"wp-element-caption\">Filhos, noras e genro<\/figcaption><\/figure>\n\n\n\n<figure class=\"wp-block-image size-large\"><img decoding=\"async\" width=\"1024\" height=\"681\" src=\"https:\/\/noticiarioregional.com.br\/wp-content\/uploads\/2026\/09\/Netos-1024x681.jpg\" alt=\"\" class=\"wp-image-9976\" srcset=\"https:\/\/noticiarioregional.com.br\/wp-content\/uploads\/2026\/09\/Netos-1024x681.jpg 1024w, https:\/\/noticiarioregional.com.br\/wp-content\/uploads\/2026\/09\/Netos-300x200.jpg 300w, https:\/\/noticiarioregional.com.br\/wp-content\/uploads\/2026\/09\/Netos-1536x1021.jpg 1536w, https:\/\/noticiarioregional.com.br\/wp-content\/uploads\/2026\/09\/Netos-149x99.jpg 149w, https:\/\/noticiarioregional.com.br\/wp-content\/uploads\/2026\/09\/Netos-450x299.jpg 450w, https:\/\/noticiarioregional.com.br\/wp-content\/uploads\/2026\/09\/Netos-1200x798.jpg 1200w, https:\/\/noticiarioregional.com.br\/wp-content\/uploads\/2026\/09\/Netos.jpg 1600w\" sizes=\"(max-width: 1024px) 100vw, 1024px\" \/><figcaption class=\"wp-element-caption\">Netos<\/figcaption><\/figure>\n\n\n\n<figure class=\"wp-block-image size-large\"><img decoding=\"async\" width=\"1024\" height=\"681\" src=\"https:\/\/noticiarioregional.com.br\/wp-content\/uploads\/2026\/09\/Bisnetos-1024x681.jpg\" alt=\"\" class=\"wp-image-9977\" srcset=\"https:\/\/noticiarioregional.com.br\/wp-content\/uploads\/2026\/09\/Bisnetos-1024x681.jpg 1024w, https:\/\/noticiarioregional.com.br\/wp-content\/uploads\/2026\/09\/Bisnetos-300x200.jpg 300w, https:\/\/noticiarioregional.com.br\/wp-content\/uploads\/2026\/09\/Bisnetos-1536x1021.jpg 1536w, https:\/\/noticiarioregional.com.br\/wp-content\/uploads\/2026\/09\/Bisnetos-450x299.jpg 450w, https:\/\/noticiarioregional.com.br\/wp-content\/uploads\/2026\/09\/Bisnetos-149x99.jpg 149w, https:\/\/noticiarioregional.com.br\/wp-content\/uploads\/2026\/09\/Bisnetos-1200x798.jpg 1200w, https:\/\/noticiarioregional.com.br\/wp-content\/uploads\/2026\/09\/Bisnetos.jpg 1600w\" sizes=\"(max-width: 1024px) 100vw, 1024px\" \/><figcaption class=\"wp-element-caption\">Bisnetos<\/figcaption><\/figure>\n\n\n\n<figure class=\"wp-block-image size-large\"><img loading=\"lazy\" decoding=\"async\" width=\"1024\" height=\"681\" src=\"https:\/\/noticiarioregional.com.br\/wp-content\/uploads\/2026\/09\/Maria-com-seus-irmaos-1024x681.jpg\" alt=\"\" class=\"wp-image-9978\" srcset=\"https:\/\/noticiarioregional.com.br\/wp-content\/uploads\/2026\/09\/Maria-com-seus-irmaos-1024x681.jpg 1024w, https:\/\/noticiarioregional.com.br\/wp-content\/uploads\/2026\/09\/Maria-com-seus-irmaos-1536x1021.jpg 1536w, https:\/\/noticiarioregional.com.br\/wp-content\/uploads\/2026\/09\/Maria-com-seus-irmaos-300x200.jpg 300w, https:\/\/noticiarioregional.com.br\/wp-content\/uploads\/2026\/09\/Maria-com-seus-irmaos-149x99.jpg 149w, https:\/\/noticiarioregional.com.br\/wp-content\/uploads\/2026\/09\/Maria-com-seus-irmaos-1200x798.jpg 1200w, https:\/\/noticiarioregional.com.br\/wp-content\/uploads\/2026\/09\/Maria-com-seus-irmaos-450x299.jpg 450w, https:\/\/noticiarioregional.com.br\/wp-content\/uploads\/2026\/09\/Maria-com-seus-irmaos.jpg 1600w\" sizes=\"(max-width: 1024px) 100vw, 1024px\" \/><figcaption class=\"wp-element-caption\">Maria com seus irm\u00e3os<\/figcaption><\/figure>\n\n\n\n<figure class=\"wp-block-image size-large\"><img loading=\"lazy\" decoding=\"async\" width=\"1024\" height=\"683\" src=\"https:\/\/noticiarioregional.com.br\/wp-content\/uploads\/2026\/09\/Maria-em-frente-a-casa-na-propriedade-de-Monte-Maria-onde-reside-ha-mais-de-60-anos-1024x683.jpg\" alt=\"\" class=\"wp-image-9979\" srcset=\"https:\/\/noticiarioregional.com.br\/wp-content\/uploads\/2026\/09\/Maria-em-frente-a-casa-na-propriedade-de-Monte-Maria-onde-reside-ha-mais-de-60-anos-1024x683.jpg 1024w, https:\/\/noticiarioregional.com.br\/wp-content\/uploads\/2026\/09\/Maria-em-frente-a-casa-na-propriedade-de-Monte-Maria-onde-reside-ha-mais-de-60-anos-300x200.jpg 300w, https:\/\/noticiarioregional.com.br\/wp-content\/uploads\/2026\/09\/Maria-em-frente-a-casa-na-propriedade-de-Monte-Maria-onde-reside-ha-mais-de-60-anos-1536x1024.jpg 1536w, https:\/\/noticiarioregional.com.br\/wp-content\/uploads\/2026\/09\/Maria-em-frente-a-casa-na-propriedade-de-Monte-Maria-onde-reside-ha-mais-de-60-anos-150x100.jpg 150w, https:\/\/noticiarioregional.com.br\/wp-content\/uploads\/2026\/09\/Maria-em-frente-a-casa-na-propriedade-de-Monte-Maria-onde-reside-ha-mais-de-60-anos-1200x800.jpg 1200w, https:\/\/noticiarioregional.com.br\/wp-content\/uploads\/2026\/09\/Maria-em-frente-a-casa-na-propriedade-de-Monte-Maria-onde-reside-ha-mais-de-60-anos-450x300.jpg 450w\" sizes=\"(max-width: 1024px) 100vw, 1024px\" \/><figcaption class=\"wp-element-caption\">Maria em frente \u00e0 casa, na propriedade de Monte Maria, onde reside h\u00e1 mais de 60 anos<\/figcaption><\/figure>\n\n\n\n<figure class=\"wp-block-image size-large\"><img loading=\"lazy\" decoding=\"async\" width=\"1024\" height=\"681\" src=\"https:\/\/noticiarioregional.com.br\/wp-content\/uploads\/2026\/09\/Maria-com-os-colegas-da-Associacao-Coral-de-Ipora-do-Oeste-1024x681.jpg\" alt=\"\" class=\"wp-image-9980\" srcset=\"https:\/\/noticiarioregional.com.br\/wp-content\/uploads\/2026\/09\/Maria-com-os-colegas-da-Associacao-Coral-de-Ipora-do-Oeste-1024x681.jpg 1024w, https:\/\/noticiarioregional.com.br\/wp-content\/uploads\/2026\/09\/Maria-com-os-colegas-da-Associacao-Coral-de-Ipora-do-Oeste-300x200.jpg 300w, https:\/\/noticiarioregional.com.br\/wp-content\/uploads\/2026\/09\/Maria-com-os-colegas-da-Associacao-Coral-de-Ipora-do-Oeste-149x99.jpg 149w, https:\/\/noticiarioregional.com.br\/wp-content\/uploads\/2026\/09\/Maria-com-os-colegas-da-Associacao-Coral-de-Ipora-do-Oeste-1536x1021.jpg 1536w, https:\/\/noticiarioregional.com.br\/wp-content\/uploads\/2026\/09\/Maria-com-os-colegas-da-Associacao-Coral-de-Ipora-do-Oeste-450x299.jpg 450w, https:\/\/noticiarioregional.com.br\/wp-content\/uploads\/2026\/09\/Maria-com-os-colegas-da-Associacao-Coral-de-Ipora-do-Oeste-1200x798.jpg 1200w, https:\/\/noticiarioregional.com.br\/wp-content\/uploads\/2026\/09\/Maria-com-os-colegas-da-Associacao-Coral-de-Ipora-do-Oeste.jpg 1600w\" sizes=\"(max-width: 1024px) 100vw, 1024px\" \/><figcaption class=\"wp-element-caption\">Maria com os colegas da Associa\u00e7\u00e3o Coral de Ipor\u00e3 do Oeste<\/figcaption><\/figure>\n","protected":false},"excerpt":{"rendered":"<p>A hist\u00f3ria de uma mulher guerreira, forte e dedicada a fam\u00edlia Chegar aos 90 anos de vida \u00e9 uma verdadeira d\u00e1diva para quem enfrentou muitas dificuldades e por v\u00e1rias vezes teve que ser forte para ser o amparo, a prote\u00e7\u00e3o e o suporte da fam\u00edlia. A Maria Teresa Preuss, moradora de Linha Monte Maria, teve<\/p>\n","protected":false},"author":1,"featured_media":9974,"comment_status":"open","ping_status":"open","sticky":false,"template":"","format":"standard","meta":{"footnotes":""},"categories":[48],"tags":[],"class_list":["post-9973","post","type-post","status-publish","format-standard","has-post-thumbnail","category-a-vida-como-ela-e"],"_links":{"self":[{"href":"https:\/\/noticiarioregional.com.br\/index.php?rest_route=\/wp\/v2\/posts\/9973","targetHints":{"allow":["GET"]}}],"collection":[{"href":"https:\/\/noticiarioregional.com.br\/index.php?rest_route=\/wp\/v2\/posts"}],"about":[{"href":"https:\/\/noticiarioregional.com.br\/index.php?rest_route=\/wp\/v2\/types\/post"}],"author":[{"embeddable":true,"href":"https:\/\/noticiarioregional.com.br\/index.php?rest_route=\/wp\/v2\/users\/1"}],"replies":[{"embeddable":true,"href":"https:\/\/noticiarioregional.com.br\/index.php?rest_route=%2Fwp%2Fv2%2Fcomments&post=9973"}],"version-history":[{"count":1,"href":"https:\/\/noticiarioregional.com.br\/index.php?rest_route=\/wp\/v2\/posts\/9973\/revisions"}],"predecessor-version":[{"id":9981,"href":"https:\/\/noticiarioregional.com.br\/index.php?rest_route=\/wp\/v2\/posts\/9973\/revisions\/9981"}],"wp:featuredmedia":[{"embeddable":true,"href":"https:\/\/noticiarioregional.com.br\/index.php?rest_route=\/wp\/v2\/media\/9974"}],"wp:attachment":[{"href":"https:\/\/noticiarioregional.com.br\/index.php?rest_route=%2Fwp%2Fv2%2Fmedia&parent=9973"}],"wp:term":[{"taxonomy":"category","embeddable":true,"href":"https:\/\/noticiarioregional.com.br\/index.php?rest_route=%2Fwp%2Fv2%2Fcategories&post=9973"},{"taxonomy":"post_tag","embeddable":true,"href":"https:\/\/noticiarioregional.com.br\/index.php?rest_route=%2Fwp%2Fv2%2Ftags&post=9973"}],"curies":[{"name":"wp","href":"https:\/\/api.w.org\/{rel}","templated":true}]}}