{"id":9985,"date":"2026-09-02T10:14:02","date_gmt":"2026-09-02T13:14:02","guid":{"rendered":"https:\/\/noticiarioregional.com.br\/?p=9985"},"modified":"2026-09-02T10:14:02","modified_gmt":"2026-09-02T13:14:02","slug":"joao-rodrigues-na-regiao","status":"publish","type":"post","link":"https:\/\/noticiarioregional.com.br\/?p=9985","title":{"rendered":"Jo\u00e3o Rodrigues na regi\u00e3o"},"content":{"rendered":"\n<p class=\"wp-block-paragraph\"><em>Candidato ao Governo, ex-prefeito de Chapec\u00f3, Jo\u00e3o Rodrigues, acompanhado de candidatos ao Senado, \u00e0 C\u00e2mara Federal e \u00e0 Assembleia Legislativa, visitou munic\u00edpios da regi\u00e3o<\/em><\/p>\n\n\n\n<p class=\"wp-block-paragraph\"><strong><u>Jocel\u00e2yne Bauer<\/u><\/strong><\/p>\n\n\n\n<p class=\"wp-block-paragraph\"><strong>Monda\u00ed &#8211;<\/strong> Na tarde de quinta-feira, 13, no CTG Sentinela do Uruguai, foi realizado um encontro pol\u00edtico que reuniu lideran\u00e7as e apoiadores dos partidos PSD, MDB, PP e Uni\u00e3o Brasil, em um movimento de articula\u00e7\u00e3o pol\u00edtica em torno do projeto liderado por Jo\u00e3o Rodrigues, candidato ao Governo de Santa Catarina.<\/p>\n\n\n\n<p class=\"wp-block-paragraph\">Na abertura, o presidente do PSD, Juvenil de Sousa, agradeceu a presen\u00e7a dos participantes e destacou a import\u00e2ncia de Monda\u00ed receber a comitiva. Tamb\u00e9m foram feitos agradecimentos \u00e0 dire\u00e7\u00e3o e \u00e0 patronagem do CTG Sentinelas do Uruguai pela ced\u00eancia do espa\u00e7o para a realiza\u00e7\u00e3o do encontro.<\/p>\n\n\n\n<p class=\"wp-block-paragraph\">Durante seu pronunciamento, Esperidi\u00e3o Amin, do PP, destacou a import\u00e2ncia do eleitor no processo democr\u00e1tico e defendeu que a popula\u00e7\u00e3o catarinense tenha a oportunidade de escolher seus representantes nas elei\u00e7\u00f5es. O discurso ressaltou que a decis\u00e3o sobre os pr\u00f3ximos governantes deve partir do eleitor, a partir da an\u00e1lise das propostas, da experi\u00eancia e da capacidade dos candidatos.<\/p>\n\n\n\n<p class=\"wp-block-paragraph\">J\u00e1 Ant\u00eddio Lunelli, do MDB, tamb\u00e9m candidato ao Senador, abordou a situa\u00e7\u00e3o pol\u00edtica e econ\u00f4mica do Brasil, mencionando o aumento das despesas p\u00fablicas, a d\u00edvida p\u00fablica e a carga tribut\u00e1ria enfrentada pelos trabalhadores e empres\u00e1rios. Tamb\u00e9m defendeu uma retomada do que os participantes classificaram como uma \u201cpol\u00edtica com P mai\u00fasculo\u201d, baseada na discuss\u00e3o de ideias e na busca por solu\u00e7\u00f5es para os problemas da popula\u00e7\u00e3o. O setor produtivo recebeu aten\u00e7\u00e3o especial.<\/p>\n\n\n\n<p class=\"wp-block-paragraph\">Jo\u00e3o Rodrigues, ex-prefeito de Chapec\u00f3 e candidato ao Governo, no seu pronunciamento destacou sobre a sa\u00fade p\u00fablica. O candidato criticou, o que considera falta de planejamento na organiza\u00e7\u00e3o do sistema estadual de sa\u00fade, especialmente no atendimento de m\u00e9dia e alta complexidade. Segundo ele, seria necess\u00e1rio estabelecer uma organiza\u00e7\u00e3o mais eficiente entre hospitais de pequeno, m\u00e9dio e grande porte, direcionando cada unidade para determinados n\u00edveis de atendimento. Jo\u00e3o citou como refer\u00eancia um modelo observado em Goi\u00e2nia, no qual hospitais menores s\u00e3o estruturados para procedimentos de baixa complexidade, hospitais microrregionais concentram atendimentos de m\u00e9dia complexidade e os grandes hospitais ficam destinados aos procedimentos de alta complexidade. Durante a fala, ele mencionou ainda a exist\u00eancia de pacientes aguardando procedimentos de maior complexidade, como cirurgias para coloca\u00e7\u00e3o de pr\u00f3teses de quadril e joelho, defendendo que o Estado precisa melhorar o planejamento e a gest\u00e3o da estrutura hospitalar.<\/p>\n\n\n\n<p class=\"wp-block-paragraph\">A situa\u00e7\u00e3o das rodovias catarinenses tamb\u00e9m foi alvo de cr\u00edticas. Jo\u00e3o Rodrigues citou especificamente as dificuldades de acesso a Monda\u00ed e defendeu que o Estado avance na revitaliza\u00e7\u00e3o das vias e na execu\u00e7\u00e3o de obras estruturantes. O candidato afirmou que a manuten\u00e7\u00e3o das rodovias \u00e9 uma obriga\u00e7\u00e3o do poder p\u00fablico e defendeu que os recursos dispon\u00edveis sejam utilizados de forma cont\u00ednua, sem que investimentos sejam concentrados apenas no \u00faltimo ano de uma gest\u00e3o. Tamb\u00e9m apresentou uma proposta relacionada \u00e0 duplica\u00e7\u00e3o da BR-282.<\/p>\n\n\n\n<p class=\"wp-block-paragraph\">Outro eixo do discurso foi a necessidade de o poder p\u00fablico criar condi\u00e7\u00f5es para que empresas possam continuar investindo e gerando empregos.&nbsp; Durante o encontro, tamb\u00e9m foi defendida uma postura de di\u00e1logo institucional entre o Governo de Santa Catarina e o Governo Federal, independentemente de alinhamentos partid\u00e1rios. Jo\u00e3o Rodrigues afirmou que, na condi\u00e7\u00e3o de governador, pretende cobrar recursos e investimentos de Bras\u00edlia em favor de Santa Catarina, mas sem transformar a rela\u00e7\u00e3o institucional em uma disputa pol\u00edtica permanente. Para ele, a defesa dos interesses do Estado deve estar acima das diferen\u00e7as partid\u00e1rias, especialmente em temas relacionados \u00e0 infraestrutura, sa\u00fade, educa\u00e7\u00e3o e desenvolvimento econ\u00f4mico.<\/p>\n\n\n\n<p class=\"wp-block-paragraph\">Depois da agenda em Monda\u00ed, o grupo pol\u00edtico esteve em Ipor\u00e3 do Oeste, Tun\u00e1polis, Itapiranga e encerrou o roteiro em S\u00e3o Jo\u00e3o do Oeste.<\/p>\n","protected":false},"excerpt":{"rendered":"<p>Candidato ao Governo, ex-prefeito de Chapec\u00f3, Jo\u00e3o Rodrigues, acompanhado de candidatos ao Senado, \u00e0 C\u00e2mara Federal e \u00e0 Assembleia Legislativa, visitou munic\u00edpios da regi\u00e3o Jocel\u00e2yne Bauer Monda\u00ed &#8211; Na tarde de quinta-feira, 13, no CTG Sentinela do Uruguai, foi realizado um encontro pol\u00edtico que reuniu lideran\u00e7as e apoiadores dos partidos PSD, MDB, PP e Uni\u00e3o<\/p>\n","protected":false},"author":1,"featured_media":9986,"comment_status":"open","ping_status":"open","sticky":false,"template":"","format":"standard","meta":{"footnotes":""},"categories":[42],"tags":[],"class_list":["post-9985","post","type-post","status-publish","format-standard","has-post-thumbnail","category-destaque"],"_links":{"self":[{"href":"https:\/\/noticiarioregional.com.br\/index.php?rest_route=\/wp\/v2\/posts\/9985","targetHints":{"allow":["GET"]}}],"collection":[{"href":"https:\/\/noticiarioregional.com.br\/index.php?rest_route=\/wp\/v2\/posts"}],"about":[{"href":"https:\/\/noticiarioregional.com.br\/index.php?rest_route=\/wp\/v2\/types\/post"}],"author":[{"embeddable":true,"href":"https:\/\/noticiarioregional.com.br\/index.php?rest_route=\/wp\/v2\/users\/1"}],"replies":[{"embeddable":true,"href":"https:\/\/noticiarioregional.com.br\/index.php?rest_route=%2Fwp%2Fv2%2Fcomments&post=9985"}],"version-history":[{"count":1,"href":"https:\/\/noticiarioregional.com.br\/index.php?rest_route=\/wp\/v2\/posts\/9985\/revisions"}],"predecessor-version":[{"id":9987,"href":"https:\/\/noticiarioregional.com.br\/index.php?rest_route=\/wp\/v2\/posts\/9985\/revisions\/9987"}],"wp:featuredmedia":[{"embeddable":true,"href":"https:\/\/noticiarioregional.com.br\/index.php?rest_route=\/wp\/v2\/media\/9986"}],"wp:attachment":[{"href":"https:\/\/noticiarioregional.com.br\/index.php?rest_route=%2Fwp%2Fv2%2Fmedia&parent=9985"}],"wp:term":[{"taxonomy":"category","embeddable":true,"href":"https:\/\/noticiarioregional.com.br\/index.php?rest_route=%2Fwp%2Fv2%2Fcategories&post=9985"},{"taxonomy":"post_tag","embeddable":true,"href":"https:\/\/noticiarioregional.com.br\/index.php?rest_route=%2Fwp%2Fv2%2Ftags&post=9985"}],"curies":[{"name":"wp","href":"https:\/\/api.w.org\/{rel}","templated":true}]}}