{"id":9988,"date":"2026-09-02T10:16:03","date_gmt":"2026-09-02T13:16:03","guid":{"rendered":"https:\/\/noticiarioregional.com.br\/?p=9988"},"modified":"2026-09-02T10:16:47","modified_gmt":"2026-09-02T13:16:47","slug":"municipio-atende-sugestao-de-vereador-e-instala-bebedouros-de-agua-em-ginasios","status":"publish","type":"post","link":"https:\/\/noticiarioregional.com.br\/?p=9988","title":{"rendered":"Munic\u00edpio atende sugest\u00e3o de vereador e instala bebedouros de \u00e1gua em gin\u00e1sios"},"content":{"rendered":"\n<p class=\"wp-block-paragraph\"><em>Demanda foi apresentada na C\u00e2mara<\/em> <em>pelo vereador Edemar Lu\u00eds Streg<\/em><\/p>\n\n\n\n<p class=\"wp-block-paragraph\"><\/p>\n\n\n\n<p class=\"wp-block-paragraph\"><strong><u>Jocel\u00e2yne Bauer<\/u><\/strong><\/p>\n\n\n\n<p class=\"wp-block-paragraph\"><strong>Riqueza \u2013<\/strong> Conforme o vereador Edemar Streg, do PSD, a Indica\u00e7\u00e3o n\u00ba 001\/2025 surgiu a partir de uma necessidade observada nos pr\u00f3prios gin\u00e1sios municipais e tamb\u00e9m de reivindica\u00e7\u00f5es da popula\u00e7\u00e3o.<\/p>\n\n\n\n<p class=\"wp-block-paragraph\">Streg destacou que a aus\u00eancia de uma estrutura adequada para o consumo de \u00e1gua era uma situa\u00e7\u00e3o que j\u00e1 havia sido percebida e tamb\u00e9m levada ao conhecimento do Executivo. Para o parlamentar, a instala\u00e7\u00e3o dos novos equipamentos representa uma melhoria necess\u00e1ria para quem utiliza os espa\u00e7os esportivos. \u201c<em>N\u00e3o tinha uma \u00e1gua adequada e n\u00f3s tamb\u00e9m j\u00e1 fomos cobrados referente a isso. O nosso compromisso \u00e9 indicar e tamb\u00e9m cobrar. Ficamos contentes com a instala\u00e7\u00e3o dos bebedouros<\/em>\u201d, ressaltou.<\/p>\n\n\n\n<p class=\"wp-block-paragraph\">O vereador tamb\u00e9m reconheceu o trabalho da Administra\u00e7\u00e3o Municipal para atender \u00e0 solicita\u00e7\u00e3o. Segundo ele, at\u00e9 a concretiza\u00e7\u00e3o da medida foram realizadas diferentes conversas e encaminhamentos, incluindo a aquisi\u00e7\u00e3o e a instala\u00e7\u00e3o dos equipamentos.<\/p>\n\n\n\n<p class=\"wp-block-paragraph\">Para Edemar Streg, a melhoria representa uma forma de valorizar os moradores e oferecer melhores condi\u00e7\u00f5es de atendimento \u00e0 comunidade nos espa\u00e7os p\u00fablicos destinados ao esporte e ao lazer.<\/p>\n","protected":false},"excerpt":{"rendered":"<p>Demanda foi apresentada na C\u00e2mara pelo vereador Edemar Lu\u00eds Streg Jocel\u00e2yne Bauer Riqueza \u2013 Conforme o vereador Edemar Streg, do PSD, a Indica\u00e7\u00e3o n\u00ba 001\/2025 surgiu a partir de uma necessidade observada nos pr\u00f3prios gin\u00e1sios municipais e tamb\u00e9m de reivindica\u00e7\u00f5es da popula\u00e7\u00e3o. Streg destacou que a aus\u00eancia de uma estrutura adequada para o consumo de<\/p>\n","protected":false},"author":1,"featured_media":9989,"comment_status":"open","ping_status":"open","sticky":false,"template":"","format":"standard","meta":{"footnotes":""},"categories":[41],"tags":[],"class_list":["post-9988","post","type-post","status-publish","format-standard","has-post-thumbnail","category-noticias"],"_links":{"self":[{"href":"https:\/\/noticiarioregional.com.br\/index.php?rest_route=\/wp\/v2\/posts\/9988","targetHints":{"allow":["GET"]}}],"collection":[{"href":"https:\/\/noticiarioregional.com.br\/index.php?rest_route=\/wp\/v2\/posts"}],"about":[{"href":"https:\/\/noticiarioregional.com.br\/index.php?rest_route=\/wp\/v2\/types\/post"}],"author":[{"embeddable":true,"href":"https:\/\/noticiarioregional.com.br\/index.php?rest_route=\/wp\/v2\/users\/1"}],"replies":[{"embeddable":true,"href":"https:\/\/noticiarioregional.com.br\/index.php?rest_route=%2Fwp%2Fv2%2Fcomments&post=9988"}],"version-history":[{"count":1,"href":"https:\/\/noticiarioregional.com.br\/index.php?rest_route=\/wp\/v2\/posts\/9988\/revisions"}],"predecessor-version":[{"id":9990,"href":"https:\/\/noticiarioregional.com.br\/index.php?rest_route=\/wp\/v2\/posts\/9988\/revisions\/9990"}],"wp:featuredmedia":[{"embeddable":true,"href":"https:\/\/noticiarioregional.com.br\/index.php?rest_route=\/wp\/v2\/media\/9989"}],"wp:attachment":[{"href":"https:\/\/noticiarioregional.com.br\/index.php?rest_route=%2Fwp%2Fv2%2Fmedia&parent=9988"}],"wp:term":[{"taxonomy":"category","embeddable":true,"href":"https:\/\/noticiarioregional.com.br\/index.php?rest_route=%2Fwp%2Fv2%2Fcategories&post=9988"},{"taxonomy":"post_tag","embeddable":true,"href":"https:\/\/noticiarioregional.com.br\/index.php?rest_route=%2Fwp%2Fv2%2Ftags&post=9988"}],"curies":[{"name":"wp","href":"https:\/\/api.w.org\/{rel}","templated":true}]}}