{"id":9994,"date":"2026-09-02T10:20:58","date_gmt":"2026-09-02T13:20:58","guid":{"rendered":"https:\/\/noticiarioregional.com.br\/?p=9994"},"modified":"2026-09-02T10:21:00","modified_gmt":"2026-09-02T13:21:00","slug":"cnh-aos-79-anos-de-idade","status":"publish","type":"post","link":"https:\/\/noticiarioregional.com.br\/?p=9994","title":{"rendered":"CNH aos 79 anos de idade"},"content":{"rendered":"\n<p class=\"wp-block-paragraph\"><em>Leonir Augusto Puntel precisou superar o receio diante da tecnologia, retomar os estudos e enfrentar a prova te\u00f3rica para voltar a dirigir de forma regular<\/em><\/p>\n\n\n\n<p class=\"wp-block-paragraph\"><strong><u>Jocel\u00e2yne Bauer<\/u><\/strong><\/p>\n\n\n\n<p class=\"wp-block-paragraph\"><strong>Regi\u00e3o &#8211;<\/strong> Aos 79 anos, o agricultor Leonir Augusto Puntel, morador da Linha Aparecida, interior de Palmitos, e assinante do Notici\u00e1rio Regional, protagonizou uma conquista que emocionou a fam\u00edlia e surpreendeu at\u00e9 mesmo ele pr\u00f3prio: depois de d\u00e9cadas afastado dos estudos e de aproximadamente 40 anos sem utilizar regularmente a Carteira Nacional de Habilita\u00e7\u00e3o &#8211; CNH, enfrentou as etapas necess\u00e1rias para regularizar o direito de dirigir e alcan\u00e7ou a nota 9,3 na prova te\u00f3rica do DETRAN.<\/p>\n\n\n\n<p class=\"wp-block-paragraph\">Leonir conta que havia obtido a carteira de motorista h\u00e1 muitas d\u00e9cadas, quando realizou o processo no munic\u00edpio de Ira\u00ed. Durante boa parte da vida, dirigiu normalmente, mas, depois de vender o carro e deixar de utilizar o ve\u00edculo com frequ\u00eancia, acabou se afastando da habilita\u00e7\u00e3o, e seus registros acabaram, sendo extraviados. Com o passar dos anos, os filhos passaram a dirigir e a necessidade de Leonir estar ao volante diminuiu.<\/p>\n\n\n\n<p class=\"wp-block-paragraph\">A situa\u00e7\u00e3o come\u00e7ou a pesar com as mudan\u00e7as nas estradas da regi\u00e3o. Um dos acessos que a fam\u00edlia costumava utilizar pelo interior deixou de ser uma alternativa, fazendo com que o deslocamento exigisse, o uso de rodovias. Foi ent\u00e3o que Leonir decidiu que era hora de resolver a situa\u00e7\u00e3o.<\/p>\n\n\n\n<p class=\"wp-block-paragraph\">Leonir estudou apenas alguns anos quando era crian\u00e7a. Segundo ele, a realidade daquela \u00e9poca era muito diferente. O trabalho na agricultura fazia com que, muitas vezes, a escola precisasse ficar em segundo plano. Ele conta que frequentou a escola por aproximadamente tr\u00eas anos e em determinados per\u00edodos, chegava a ficar dias sem ir \u00e0s aulas porque precisava ajudar no trabalho da fam\u00edlia. Por isso, ao se deparar novamente com uma situa\u00e7\u00e3o de avalia\u00e7\u00e3o, d\u00e9cadas depois, o receio era grande. Al\u00e9m do conte\u00fado, havia outro obst\u00e1culo: o computador.<\/p>\n\n\n\n<p class=\"wp-block-paragraph\">Leonir admite que praticamente n\u00e3o tem familiaridade com equipamentos eletr\u00f4nicos e chegou a sentir medo diante da necessidade de utilizar a tecnologia durante o processo. Para se preparar, contou com a ajuda da neta, que explicou como funcionavam os equipamentos, a tela, os procedimentos digitais e a biometria.<\/p>\n\n\n\n<p class=\"wp-block-paragraph\">A prepara\u00e7\u00e3o tamb\u00e9m incluiu as aulas te\u00f3ricas obrigat\u00f3rias. Leonir participou de seis noites de aula e estudou em casa utilizando a apostila fornecida durante o curso. Ele n\u00e3o esconde que teve dificuldades, principalmente com a leitura e com termos que n\u00e3o faziam parte de seu vocabul\u00e1rio cotidiano. Mesmo assim, decidiu estudar.<\/p>\n\n\n\n<p class=\"wp-block-paragraph\">A professora tamb\u00e9m teve papel importante nesse processo. Sabendo das dificuldades de Leonir com a leitura, procurava auxili\u00e1-lo durante as aulas, dando-lhe tempo e apoio para acompanhar o conte\u00fado. Mas, para ele, a aprova\u00e7\u00e3o dependeria principalmente de seu pr\u00f3prio esfor\u00e7o. Conta tamb\u00e9m sobre sua devo\u00e7\u00e3o em Nossa Senhora Aparecida, que leva sempre consigo em seu bolso, e com f\u00e9 de que ela auxiliaria no seu desempenho.<\/p>\n\n\n\n<p class=\"wp-block-paragraph\">No dia da prova, Leonir chegou ao local acompanhado de outras pessoas que tamb\u00e9m fariam a avalia\u00e7\u00e3o. O ambiente, segundo ele, aumentou ainda mais o nervosismo. Depois de concluir a prova, n\u00e3o tinha ideia de qual seria o resultado. Quando perguntaram se queria saber se havia passado, sua resposta foi de cautela.<\/p>\n\n\n\n<p class=\"wp-block-paragraph\">&nbsp;&nbsp;&nbsp;&nbsp;&nbsp;&nbsp;&nbsp;&nbsp;&nbsp;&nbsp;&nbsp; Ele n\u00e3o imaginava que havia conseguido um desempenho t\u00e3o alto. O resultado provocou comemora\u00e7\u00e3o entre as pessoas que estavam no local e deixou o aposentado emocionado. Funcion\u00e1rios e respons\u00e1veis pelo atendimento o parabenizaram pela conquista. Quando ouviu a nota, ficou sem rea\u00e7\u00e3o por alguns instantes. \u201c<em>Quando ele disse que eu tirei 9,3, aquilo silenciou<\/em>\u201d, relatou, lembrando da emo\u00e7\u00e3o daquele momento.<\/p>\n\n\n\n<p class=\"wp-block-paragraph\">Ao lado de Leonir, a esposa, Vitorina, acompanhou toda a prepara\u00e7\u00e3o e tamb\u00e9m viveu momentos de ansiedade durante o processo. Ela conta que sempre acreditou que o marido conseguiria passar. Enquanto ele realizava as etapas, Vitorina recorria \u00e0 f\u00e9 e fazia suas ora\u00e7\u00f5es, pedindo que tudo desse certo. A not\u00edcia da aprova\u00e7\u00e3o foi recebida com alegria.<\/p>\n\n\n\n<p class=\"wp-block-paragraph\">Para o casal, a retomada da habilita\u00e7\u00e3o representa tamb\u00e9m mais liberdade para visitar familiares, especialmente filhos e netos que vivem na regi\u00e3o. Agora, ainda falta concluir as etapas pr\u00e1ticas para finalizar o processo. Como j\u00e1 possui experi\u00eancia de muitos anos ao volante, Leonir acredita que essa parte ser\u00e1 mais tranquila, embora reconhe\u00e7a que dirigir atualmente exige aten\u00e7\u00e3o redobrada.<\/p>\n","protected":false},"excerpt":{"rendered":"<p>Leonir Augusto Puntel precisou superar o receio diante da tecnologia, retomar os estudos e enfrentar a prova te\u00f3rica para voltar a dirigir de forma regular Jocel\u00e2yne Bauer Regi\u00e3o &#8211; Aos 79 anos, o agricultor Leonir Augusto Puntel, morador da Linha Aparecida, interior de Palmitos, e assinante do Notici\u00e1rio Regional, protagonizou uma conquista que emocionou a<\/p>\n","protected":false},"author":1,"featured_media":9995,"comment_status":"open","ping_status":"open","sticky":false,"template":"","format":"standard","meta":{"footnotes":""},"categories":[41],"tags":[],"class_list":["post-9994","post","type-post","status-publish","format-standard","has-post-thumbnail","category-noticias"],"_links":{"self":[{"href":"https:\/\/noticiarioregional.com.br\/index.php?rest_route=\/wp\/v2\/posts\/9994","targetHints":{"allow":["GET"]}}],"collection":[{"href":"https:\/\/noticiarioregional.com.br\/index.php?rest_route=\/wp\/v2\/posts"}],"about":[{"href":"https:\/\/noticiarioregional.com.br\/index.php?rest_route=\/wp\/v2\/types\/post"}],"author":[{"embeddable":true,"href":"https:\/\/noticiarioregional.com.br\/index.php?rest_route=\/wp\/v2\/users\/1"}],"replies":[{"embeddable":true,"href":"https:\/\/noticiarioregional.com.br\/index.php?rest_route=%2Fwp%2Fv2%2Fcomments&post=9994"}],"version-history":[{"count":1,"href":"https:\/\/noticiarioregional.com.br\/index.php?rest_route=\/wp\/v2\/posts\/9994\/revisions"}],"predecessor-version":[{"id":9996,"href":"https:\/\/noticiarioregional.com.br\/index.php?rest_route=\/wp\/v2\/posts\/9994\/revisions\/9996"}],"wp:featuredmedia":[{"embeddable":true,"href":"https:\/\/noticiarioregional.com.br\/index.php?rest_route=\/wp\/v2\/media\/9995"}],"wp:attachment":[{"href":"https:\/\/noticiarioregional.com.br\/index.php?rest_route=%2Fwp%2Fv2%2Fmedia&parent=9994"}],"wp:term":[{"taxonomy":"category","embeddable":true,"href":"https:\/\/noticiarioregional.com.br\/index.php?rest_route=%2Fwp%2Fv2%2Fcategories&post=9994"},{"taxonomy":"post_tag","embeddable":true,"href":"https:\/\/noticiarioregional.com.br\/index.php?rest_route=%2Fwp%2Fv2%2Ftags&post=9994"}],"curies":[{"name":"wp","href":"https:\/\/api.w.org\/{rel}","templated":true}]}}